{"id":39993,"date":"2024-01-24T14:18:44","date_gmt":"2024-01-24T13:18:44","guid":{"rendered":"https:\/\/www.satt.fr\/?p=39993"},"modified":"2024-01-24T14:18:44","modified_gmt":"2024-01-24T13:18:44","slug":"congres-france-bioproduction","status":"publish","type":"post","link":"https:\/\/www.satt.fr\/en\/congres-france-bioproduction\/","title":{"rendered":"Le R\u00e9seau SATT partenaire du Congr\u00e8s France Bioproduction"},"content":{"rendered":"<div id=\"pl-39993\"  class=\"panel-layout\" ><div id=\"pg-39993-0\"  class=\"panel-grid panel-no-style\" ><div id=\"pgc-39993-0-0\"  class=\"panel-grid-cell\" ><div id=\"panel-39993-0-0-0\" class=\"so-panel widget widget_sow-editor panel-first-child panel-last-child\" data-index=\"0\" ><div\n\t\t\t\n\t\t\tclass=\"so-widget-sow-editor so-widget-sow-editor-base\"\n\t\t\t\n\t\t>\n<div class=\"siteorigin-widget-tinymce textwidget\">\n\t<p><strong>Le R\u00e9seau SATT est partenaire 8\u00e8me \u00e9dition du Congr\u00e8s France Bioproduction, co-organis\u00e9e par Medicen et Polepharma <\/strong><strong>et qui aura lieu les 3 et 4 avril 2024 au Palais des Congr\u00e8s de Massy.<\/strong><\/p>\n<\/div>\n<\/div><\/div><\/div><\/div><div id=\"pg-39993-1\"  class=\"panel-grid panel-no-style\" ><div id=\"pgc-39993-1-0\"  class=\"panel-grid-cell\" ><div id=\"panel-39993-1-0-0\" class=\"so-panel widget widget_sow-editor panel-first-child panel-last-child\" data-index=\"1\" ><div\n\t\t\t\n\t\t\tclass=\"so-widget-sow-editor so-widget-sow-editor-base\"\n\t\t\t\n\t\t>\n<div class=\"siteorigin-widget-tinymce textwidget\">\n\t<h2 style=\"text-align: center;\"><strong>Congr\u00e8s France Bioproduction <\/strong><\/h2>\n<\/div>\n<\/div><\/div><\/div><\/div><div id=\"pg-39993-2\"  class=\"panel-grid panel-no-style\" ><div id=\"pgc-39993-2-0\"  class=\"panel-grid-cell\" ><div id=\"panel-39993-2-0-0\" class=\"so-panel widget widget_sow-editor panel-first-child panel-last-child\" data-index=\"2\" ><div\n\t\t\t\n\t\t\tclass=\"so-widget-sow-editor so-widget-sow-editor-base\"\n\t\t\t\n\t\t>\n<div class=\"siteorigin-widget-tinymce textwidget\">\n\t<p>Polepharma et Medicen Paris R\u00e9gion unissent leurs forces pour co-organiser la 8\u00e8me \u00c9dition du Congr\u00e8s France Bioproduction les 3 et 4 avril 2024 au Palais des Congr\u00e8s de Massy, afin de rassembler et f\u00e9d\u00e9rer tous les acteurs au service de la fili\u00e8re.<\/p>\n<p>En 2024, 500 d\u00e9cideurs et acteurs de la bioproduction pharmaceutique de France et d\u2019Europe se retrouveront \u00e0 nouveau pour deux jours de conf\u00e9rences, tables rondes, ateliers pratiques, et des sessions de networking avec participants, exposants, p\u00f4les de comp\u00e9titivit\u00e9 et leurs startups.<\/p>\n<p>En savoir plus : <a href=\"https:\/\/www.france-bioproduction.com\/\">www.france-bioproduction.com<\/a><\/p>\n<\/div>\n<\/div><\/div><\/div><\/div><div id=\"pg-39993-3\"  class=\"panel-grid panel-no-style\" ><div id=\"pgc-39993-3-0\"  class=\"panel-grid-cell\" ><div id=\"panel-39993-3-0-0\" class=\"so-panel widget widget_sow-editor panel-first-child panel-last-child\" data-index=\"3\" ><div\n\t\t\t\n\t\t\tclass=\"so-widget-sow-editor so-widget-sow-editor-base\"\n\t\t\t\n\t\t>\n<div class=\"siteorigin-widget-tinymce textwidget\">\n\t<h2 style=\"text-align: center;\"><strong>Le R\u00e9seau SATT partenaire<\/strong><\/h2>\n<\/div>\n<\/div><\/div><\/div><\/div><div id=\"pg-39993-4\"  class=\"panel-grid panel-no-style\" ><div id=\"pgc-39993-4-0\"  class=\"panel-grid-cell\" ><div id=\"panel-39993-4-0-0\" class=\"so-panel widget widget_sow-editor panel-first-child panel-last-child\" data-index=\"4\" ><div\n\t\t\t\n\t\t\tclass=\"so-widget-sow-editor so-widget-sow-editor-base\"\n\t\t\t\n\t\t>\n<div class=\"siteorigin-widget-tinymce textwidget\">\n\t<p>Le R\u00e9seau SATT s'associe \u00e0 cette 8\u00e8me \u00e9dition pour pr\u00e9senter les offres technologiques et startups port\u00e9es par les SATT dans le domaine de la Bioproduction.<\/p>\n<p>Retrouvez sur place <a href=\"https:\/\/www.linkedin.com\/in\/herv%C3%A9-ansanay-28876b\/fr?originalSubdomain=fr\">Herv\u00e9 Ansanay<\/a>, Responsable fili\u00e8re Biotech de la Direction des Partenariats Industriels du R\u00e9seau SATT, pr\u00e9sent pour r\u00e9pondre aux besoins d'innovation des entreprises, promouvoir les <a href=\"https:\/\/www.satt.fr\/\">services<\/a> et le catalogue de technologies des SATT en Industrie &amp; Biopharma. L'occasion \u00e9galement de d\u00e9couvrir <a href=\"https:\/\/www.tech-365.fr\/\">Tech-365<\/a>, la nouvelle marketplace du R\u00e9seau SATT.<\/p>\n<\/div>\n<\/div><\/div><\/div><\/div><div id=\"pg-39993-5\"  class=\"panel-grid panel-no-style\" ><div id=\"pgc-39993-5-0\"  class=\"panel-grid-cell\" ><div id=\"panel-39993-5-0-0\" class=\"so-panel widget widget_sow-editor panel-first-child panel-last-child\" data-index=\"5\" ><div\n\t\t\t\n\t\t\tclass=\"so-widget-sow-editor so-widget-sow-editor-base\"\n\t\t\t\n\t\t>\n<div class=\"siteorigin-widget-tinymce textwidget\">\n\t<h2 style=\"text-align: center;\"><strong>Concours de startup<\/strong><\/h2>\n<\/div>\n<\/div><\/div><\/div><\/div><div id=\"pg-39993-6\"  class=\"panel-grid panel-no-style\" ><div id=\"pgc-39993-6-0\"  class=\"panel-grid-cell\" ><div id=\"panel-39993-6-0-0\" class=\"so-panel widget widget_sow-editor panel-first-child panel-last-child\" data-index=\"6\" ><div\n\t\t\t\n\t\t\tclass=\"so-widget-sow-editor so-widget-sow-editor-base\"\n\t\t\t\n\t\t>\n<div class=\"siteorigin-widget-tinymce textwidget\">\n\t<p>Vous \u00eates une start-up deeptech en bioproduction et vous souhaitez acc\u00e9l\u00e9rer et augmenter la visibilit\u00e9 de votre startup aupr\u00e8s de professionnels et d\u2019investisseurs int\u00e9ress\u00e9s ? Le Congr\u00e8s France Bioproduction sera l\u2019occasion de pr\u00e9senter votre projet, faire des rencontres, engager de nouveaux partenariats et m\u00eame d\u00e9bloquer de nouveaux financements.<\/p>\n<p>Les 5 meilleurs candidats s\u00e9lectionn\u00e9s pitcheront devant un large panel de repr\u00e9sentants de la fili\u00e8re bioproduction et se se verront \u00e9galement offrir 2 entr\u00e9es au congr\u00e8s pour les deux jours. Selon l'int\u00e9r\u00eat des industriels pr\u00e9sents, les laur\u00e9ats b\u00e9n\u00e9ficieront d\u2019un mentorat exclusif : un accompagnement sur mesure par des experts d\u2019un industriel de la pharma pendant 1 an.<\/p>\n<p>Modalit\u00e9s &amp; Inscriptions : <a href=\"https:\/\/docs.google.com\/forms\/d\/e\/1FAIpQLScJ2c0QZR76ffsWLf-7NGD9rEJ2q2wwlfT4jHzlWhNeIi_xGw\/viewform\">Formulaire<\/a><\/p>\n<p>&nbsp;<\/p>\n<\/div>\n<\/div><\/div><\/div><\/div><\/div>","protected":false},"excerpt":{"rendered":"<p>Le R\u00e9seau SATT est partenaire 8\u00e8me \u00e9dition du Congr\u00e8s France Bioproduction, co-organis\u00e9e par Medicen et Polepharma et qui aura lieu les 3 et 4 avril 2024 au Palais des Congr\u00e8s de Massy. Congr\u00e8s France Bioproduction<\/p>\n","protected":false},"author":2,"featured_media":39995,"comment_status":"closed","ping_status":"closed","sticky":false,"template":"","format":"standard","meta":{"_acf_changed":false,"footnotes":""},"categories":[536],"tags":[],"class_list":["post-39993","post","type-post","status-publish","format-standard","has-post-thumbnail","hentry","category-actualite"],"acf":[],"yoast_head":"<!-- This site is optimized with the Yoast SEO plugin v27.4 - https:\/\/yoast.com\/product\/yoast-seo-wordpress\/ -->\n<title>Le R\u00e9seau SATT partenaire du Congr\u00e8s France Bioproduction - R\u00e9seau SATT<\/title>\n<meta name=\"robots\" content=\"index, follow, max-snippet:-1, max-image-preview:large, max-video-preview:-1\" \/>\n<link rel=\"canonical\" href=\"https:\/\/www.satt.fr\/congres-france-bioproduction\/\" \/>\n<meta name=\"twitter:label1\" content=\"Written by\" \/>\n\t<meta name=\"twitter:data1\" content=\"admin\" \/>\n\t<meta name=\"twitter:label2\" content=\"Est. reading time\" \/>\n\t<meta name=\"twitter:data2\" content=\"2 minutes\" \/>\n<script type=\"application\/ld+json\" class=\"yoast-schema-graph\">{\"@context\":\"https:\\\/\\\/schema.org\",\"@graph\":[{\"@type\":\"Article\",\"@id\":\"https:\\\/\\\/www.satt.fr\\\/congres-france-bioproduction\\\/#article\",\"isPartOf\":{\"@id\":\"https:\\\/\\\/www.satt.fr\\\/congres-france-bioproduction\\\/\"},\"author\":{\"name\":\"admin\",\"@id\":\"https:\\\/\\\/www.satt.fr\\\/en\\\/#\\\/schema\\\/person\\\/6f20a7d0bc03146f6e34a9f08d941fec\"},\"headline\":\"Le R\u00e9seau SATT partenaire du Congr\u00e8s France Bioproduction\",\"datePublished\":\"2024-01-24T13:18:44+00:00\",\"mainEntityOfPage\":{\"@id\":\"https:\\\/\\\/www.satt.fr\\\/congres-france-bioproduction\\\/\"},\"wordCount\":367,\"image\":{\"@id\":\"https:\\\/\\\/www.satt.fr\\\/congres-france-bioproduction\\\/#primaryimage\"},\"thumbnailUrl\":\"https:\\\/\\\/www.satt.fr\\\/wp-content\\\/uploads\\\/2024\\\/01\\\/CFB24_SiteWeb.png\",\"articleSection\":[\"Actualit\u00e9\"],\"inLanguage\":\"en-US\"},{\"@type\":\"WebPage\",\"@id\":\"https:\\\/\\\/www.satt.fr\\\/congres-france-bioproduction\\\/\",\"url\":\"https:\\\/\\\/www.satt.fr\\\/congres-france-bioproduction\\\/\",\"name\":\"Le R\u00e9seau SATT partenaire du Congr\u00e8s France Bioproduction - R\u00e9seau SATT\",\"isPartOf\":{\"@id\":\"https:\\\/\\\/www.satt.fr\\\/en\\\/#website\"},\"primaryImageOfPage\":{\"@id\":\"https:\\\/\\\/www.satt.fr\\\/congres-france-bioproduction\\\/#primaryimage\"},\"image\":{\"@id\":\"https:\\\/\\\/www.satt.fr\\\/congres-france-bioproduction\\\/#primaryimage\"},\"thumbnailUrl\":\"https:\\\/\\\/www.satt.fr\\\/wp-content\\\/uploads\\\/2024\\\/01\\\/CFB24_SiteWeb.png\",\"datePublished\":\"2024-01-24T13:18:44+00:00\",\"author\":{\"@id\":\"https:\\\/\\\/www.satt.fr\\\/en\\\/#\\\/schema\\\/person\\\/6f20a7d0bc03146f6e34a9f08d941fec\"},\"breadcrumb\":{\"@id\":\"https:\\\/\\\/www.satt.fr\\\/congres-france-bioproduction\\\/#breadcrumb\"},\"inLanguage\":\"en-US\",\"potentialAction\":[{\"@type\":\"ReadAction\",\"target\":[\"https:\\\/\\\/www.satt.fr\\\/congres-france-bioproduction\\\/\"]}]},{\"@type\":\"ImageObject\",\"inLanguage\":\"en-US\",\"@id\":\"https:\\\/\\\/www.satt.fr\\\/congres-france-bioproduction\\\/#primaryimage\",\"url\":\"https:\\\/\\\/www.satt.fr\\\/wp-content\\\/uploads\\\/2024\\\/01\\\/CFB24_SiteWeb.png\",\"contentUrl\":\"https:\\\/\\\/www.satt.fr\\\/wp-content\\\/uploads\\\/2024\\\/01\\\/CFB24_SiteWeb.png\",\"width\":752,\"height\":364},{\"@type\":\"BreadcrumbList\",\"@id\":\"https:\\\/\\\/www.satt.fr\\\/congres-france-bioproduction\\\/#breadcrumb\",\"itemListElement\":[{\"@type\":\"ListItem\",\"position\":1,\"name\":\"Accueil\",\"item\":\"https:\\\/\\\/www.satt.fr\\\/en\\\/\"},{\"@type\":\"ListItem\",\"position\":2,\"name\":\"Le R\u00e9seau SATT partenaire du Congr\u00e8s France Bioproduction\"}]},{\"@type\":\"WebSite\",\"@id\":\"https:\\\/\\\/www.satt.fr\\\/en\\\/#website\",\"url\":\"https:\\\/\\\/www.satt.fr\\\/en\\\/\",\"name\":\"R\u00e9seau SATT\",\"description\":\"Les Soci\u00e9t\u00e9s d&#039;Acc\u00e9l\u00e9ration du Transfert de Technologies\",\"potentialAction\":[{\"@type\":\"SearchAction\",\"target\":{\"@type\":\"EntryPoint\",\"urlTemplate\":\"https:\\\/\\\/www.satt.fr\\\/en\\\/?s={search_term_string}\"},\"query-input\":{\"@type\":\"PropertyValueSpecification\",\"valueRequired\":true,\"valueName\":\"search_term_string\"}}],\"inLanguage\":\"en-US\"},{\"@type\":\"Person\",\"@id\":\"https:\\\/\\\/www.satt.fr\\\/en\\\/#\\\/schema\\\/person\\\/6f20a7d0bc03146f6e34a9f08d941fec\",\"name\":\"admin\",\"url\":\"https:\\\/\\\/www.satt.fr\\\/en\\\/author\\\/admin\\\/\"}]}<\/script>\n<!-- \/ Yoast SEO plugin. -->","yoast_head_json":{"title":"Le R\u00e9seau SATT partenaire du Congr\u00e8s France Bioproduction - R\u00e9seau SATT","robots":{"index":"index","follow":"follow","max-snippet":"max-snippet:-1","max-image-preview":"max-image-preview:large","max-video-preview":"max-video-preview:-1"},"canonical":"https:\/\/www.satt.fr\/congres-france-bioproduction\/","twitter_misc":{"Written by":"admin","Est. reading time":"2 minutes"},"schema":{"@context":"https:\/\/schema.org","@graph":[{"@type":"Article","@id":"https:\/\/www.satt.fr\/congres-france-bioproduction\/#article","isPartOf":{"@id":"https:\/\/www.satt.fr\/congres-france-bioproduction\/"},"author":{"name":"admin","@id":"https:\/\/www.satt.fr\/en\/#\/schema\/person\/6f20a7d0bc03146f6e34a9f08d941fec"},"headline":"Le R\u00e9seau SATT partenaire du Congr\u00e8s France Bioproduction","datePublished":"2024-01-24T13:18:44+00:00","mainEntityOfPage":{"@id":"https:\/\/www.satt.fr\/congres-france-bioproduction\/"},"wordCount":367,"image":{"@id":"https:\/\/www.satt.fr\/congres-france-bioproduction\/#primaryimage"},"thumbnailUrl":"https:\/\/www.satt.fr\/wp-content\/uploads\/2024\/01\/CFB24_SiteWeb.png","articleSection":["Actualit\u00e9"],"inLanguage":"en-US"},{"@type":"WebPage","@id":"https:\/\/www.satt.fr\/congres-france-bioproduction\/","url":"https:\/\/www.satt.fr\/congres-france-bioproduction\/","name":"Le R\u00e9seau SATT partenaire du Congr\u00e8s France Bioproduction - R\u00e9seau SATT","isPartOf":{"@id":"https:\/\/www.satt.fr\/en\/#website"},"primaryImageOfPage":{"@id":"https:\/\/www.satt.fr\/congres-france-bioproduction\/#primaryimage"},"image":{"@id":"https:\/\/www.satt.fr\/congres-france-bioproduction\/#primaryimage"},"thumbnailUrl":"https:\/\/www.satt.fr\/wp-content\/uploads\/2024\/01\/CFB24_SiteWeb.png","datePublished":"2024-01-24T13:18:44+00:00","author":{"@id":"https:\/\/www.satt.fr\/en\/#\/schema\/person\/6f20a7d0bc03146f6e34a9f08d941fec"},"breadcrumb":{"@id":"https:\/\/www.satt.fr\/congres-france-bioproduction\/#breadcrumb"},"inLanguage":"en-US","potentialAction":[{"@type":"ReadAction","target":["https:\/\/www.satt.fr\/congres-france-bioproduction\/"]}]},{"@type":"ImageObject","inLanguage":"en-US","@id":"https:\/\/www.satt.fr\/congres-france-bioproduction\/#primaryimage","url":"https:\/\/www.satt.fr\/wp-content\/uploads\/2024\/01\/CFB24_SiteWeb.png","contentUrl":"https:\/\/www.satt.fr\/wp-content\/uploads\/2024\/01\/CFB24_SiteWeb.png","width":752,"height":364},{"@type":"BreadcrumbList","@id":"https:\/\/www.satt.fr\/congres-france-bioproduction\/#breadcrumb","itemListElement":[{"@type":"ListItem","position":1,"name":"Accueil","item":"https:\/\/www.satt.fr\/en\/"},{"@type":"ListItem","position":2,"name":"Le R\u00e9seau SATT partenaire du Congr\u00e8s France Bioproduction"}]},{"@type":"WebSite","@id":"https:\/\/www.satt.fr\/en\/#website","url":"https:\/\/www.satt.fr\/en\/","name":"R\u00e9seau SATT","description":"Les Soci\u00e9t\u00e9s d&#039;Acc\u00e9l\u00e9ration du Transfert de Technologies","potentialAction":[{"@type":"SearchAction","target":{"@type":"EntryPoint","urlTemplate":"https:\/\/www.satt.fr\/en\/?s={search_term_string}"},"query-input":{"@type":"PropertyValueSpecification","valueRequired":true,"valueName":"search_term_string"}}],"inLanguage":"en-US"},{"@type":"Person","@id":"https:\/\/www.satt.fr\/en\/#\/schema\/person\/6f20a7d0bc03146f6e34a9f08d941fec","name":"admin","url":"https:\/\/www.satt.fr\/en\/author\/admin\/"}]}},"_links":{"self":[{"href":"https:\/\/www.satt.fr\/en\/wp-json\/wp\/v2\/posts\/39993","targetHints":{"allow":["GET"]}}],"collection":[{"href":"https:\/\/www.satt.fr\/en\/wp-json\/wp\/v2\/posts"}],"about":[{"href":"https:\/\/www.satt.fr\/en\/wp-json\/wp\/v2\/types\/post"}],"author":[{"embeddable":true,"href":"https:\/\/www.satt.fr\/en\/wp-json\/wp\/v2\/users\/2"}],"replies":[{"embeddable":true,"href":"https:\/\/www.satt.fr\/en\/wp-json\/wp\/v2\/comments?post=39993"}],"version-history":[{"count":5,"href":"https:\/\/www.satt.fr\/en\/wp-json\/wp\/v2\/posts\/39993\/revisions"}],"predecessor-version":[{"id":40000,"href":"https:\/\/www.satt.fr\/en\/wp-json\/wp\/v2\/posts\/39993\/revisions\/40000"}],"wp:featuredmedia":[{"embeddable":true,"href":"https:\/\/www.satt.fr\/en\/wp-json\/wp\/v2\/media\/39995"}],"wp:attachment":[{"href":"https:\/\/www.satt.fr\/en\/wp-json\/wp\/v2\/media?parent=39993"}],"wp:term":[{"taxonomy":"category","embeddable":true,"href":"https:\/\/www.satt.fr\/en\/wp-json\/wp\/v2\/categories?post=39993"},{"taxonomy":"post_tag","embeddable":true,"href":"https:\/\/www.satt.fr\/en\/wp-json\/wp\/v2\/tags?post=39993"}],"curies":[{"name":"wp","href":"https:\/\/api.w.org\/{rel}","templated":true}]}}