{"id":42283,"date":"2024-07-09T09:21:56","date_gmt":"2024-07-09T07:21:56","guid":{"rendered":"https:\/\/www.satt.fr\/?p=42283"},"modified":"2024-07-09T09:21:56","modified_gmt":"2024-07-09T07:21:56","slug":"la-forge-un-nouveau-programme-pour-integrer-limpact-a-360-dans-la-strategie-des-projets-de-startups","status":"publish","type":"post","link":"https:\/\/www.satt.fr\/en\/la-forge-un-nouveau-programme-pour-integrer-limpact-a-360-dans-la-strategie-des-projets-de-startups\/","title":{"rendered":"La Forge, un nouveau programme pour int\u00e9grer l\u2019impact \u00e0 360\u00b0 dans la strat\u00e9gie des projets de startups"},"content":{"rendered":"<p><strong>Int\u00e9grer l\u2019impact \u00e0 360\u00b0 dans la strat\u00e9gie des projets de startups : La Forge, un nouveau programme op\u00e9r\u00e9 par PULSALYS dans le cadre du P\u00f4le Universitaire d&#8217;Innovation IMPULSE. L&#8217;objectif est d&#8217;\u00e9valuer et prendre en compte au plus t\u00f4t l\u2019impact d\u2019une solution dans la chaine de valeur et dans la soci\u00e9t\u00e9 pour r\u00e9pondre aux enjeux de transitions.\u00a0<\/strong><\/p>\n<p><span class=\"under-title-custom\" style=\"color: #ff9900;\">La m\u00e9thode<\/span><\/p>\n<p>Sur chaque projet, une task force pluridisciplinaire, mobilis\u00e9e sur plusieurs mois et, associant un entrepreneur, un chercheur, des \u00e9tudiants et des experts, pilote en mode agile, l\u2019analyse des impacts de la future startup et de sa solution. Elle propose d\u2019int\u00e9grer dans la strat\u00e9gie, et en particulier dans son business model, la prise en compte de toutes les externalit\u00e9s (flux et impacts) en identifiant le plus t\u00f4t possible les verrous potentiels d\u2019approvisionnement, de production, de distribution, d\u2019usage, de recyclage etc. pour assurer le d\u00e9veloppement p\u00e9renne de la startup.<\/p>\n<p>L\u2019impact social et environnemental devient alors un \u00e9l\u00e9ment constitutif et diff\u00e9renciant de la proposition de valeur de la jeune pousse\u00a0! Regroup\u00e9s dans l\u2019espace de co-working de PULSALYS, les \u00e9tudiants, issus de toutes disciplines, croisent leurs points de vue et b\u00e2tissent ensemble des sc\u00e9narios alternatifs pour ces projets de startups.<\/p>\n<p><span class=\"under-title-custom\" style=\"color: #ff9900;\">Le livrable<\/span><\/p>\n<p>Le programme La Forge permet d\u2019aboutir \u00e0 une feuille de route pour orienter les choix strat\u00e9giques de l\u2019entreprise : business model, marketing, fournisseurs, positionnement, implantation, industrialisation&#8230;<\/p>\n<p>Une m\u00e9thode d\u00e9velopp\u00e9e par PULSALYS sur 2 cas d\u2019\u00e9tude en 2023 et qui est r\u00e9plicable et transformative.<\/p>\n<p>En 2024, dans le cadre du P\u00f4le Universitaire d&#8217;Innovation IMPULSE, le programme La Forge est lanc\u00e9 \u00e0 plus grande \u00e9chelle et accompagne 6 projets et startups couvrant des th\u00e9matiques vari\u00e9es\u00a0: recyclage, d\u00e9carbonation, d\u00e9pollution, mobilit\u00e9, sant\u00e9, et mobilisant 6 stagiaires, 6 mentors, des laboratoires, 2 prestataires et 11 \u00e9tablissements du territoire Lyon\/Saint-Etienne afin de soutenir le d\u00e9veloppement vertueux de ces projets.<\/p>\n<p>Le programme La Forge est amen\u00e9 \u00e0 \u00e9voluer chaque ann\u00e9e sur la base d\u2019observations r\u00e9alis\u00e9es par des experts du\u00a0PUI IMPULSE.<\/p>\n<p>Valerie Sauvant-Moynot, Directrice G\u00e9n\u00e9rale Adjointe de PULSALYS, coordonne le programme La Forge, dans le cadre du\u00a0PUI IMPULSE financ\u00e9 par France 2030, en travaillant avec les chercheurs, les entrepreneurs, les \u00e9tudiants, les mentors pour booster le d\u00e9veloppement durable et \u00e0 fort impact de startups innovantes sur le territoire Lyon\/Saint-Etienne.<\/p>\n","protected":false},"excerpt":{"rendered":"<p>Int\u00e9grer l\u2019impact \u00e0 360\u00b0 dans la strat\u00e9gie des projets de startups : La Forge, un nouveau programme op\u00e9r\u00e9 par PULSALYS dans le cadre du P\u00f4le Universitaire d&#8217;Innovation IMPULSE. L&#8217;objectif est d&#8217;\u00e9valuer et prendre en compte au plus t\u00f4t l\u2019impact d\u2019une solution dans la chaine de valeur et dans la soci\u00e9t\u00e9 pour r\u00e9pondre aux enjeux de transitions<\/p>\n","protected":false},"author":24,"featured_media":42284,"comment_status":"closed","ping_status":"closed","sticky":false,"template":"","format":"standard","meta":{"_acf_changed":false,"footnotes":""},"categories":[536],"tags":[],"class_list":["post-42283","post","type-post","status-publish","format-standard","has-post-thumbnail","hentry","category-actualite"],"acf":[],"yoast_head":"<!-- This site is optimized with the Yoast SEO plugin v27.4 - https:\/\/yoast.com\/product\/yoast-seo-wordpress\/ -->\n<title>La Forge, un nouveau programme pour int\u00e9grer l\u2019impact \u00e0 360\u00b0 dans la strat\u00e9gie des projets de startups - R\u00e9seau SATT<\/title>\n<meta name=\"robots\" content=\"index, follow, max-snippet:-1, max-image-preview:large, max-video-preview:-1\" \/>\n<link rel=\"canonical\" href=\"https:\/\/www.satt.fr\/la-forge-un-nouveau-programme-pour-integrer-limpact-a-360-dans-la-strategie-des-projets-de-startups\/\" \/>\n<meta name=\"twitter:label1\" content=\"Written by\" \/>\n\t<meta name=\"twitter:data1\" content=\"Sylvain DUC\" \/>\n\t<meta name=\"twitter:label2\" content=\"Est. reading time\" \/>\n\t<meta name=\"twitter:data2\" content=\"3 minutes\" \/>\n<script type=\"application\/ld+json\" class=\"yoast-schema-graph\">{\"@context\":\"https:\\\/\\\/schema.org\",\"@graph\":[{\"@type\":\"Article\",\"@id\":\"https:\\\/\\\/www.satt.fr\\\/la-forge-un-nouveau-programme-pour-integrer-limpact-a-360-dans-la-strategie-des-projets-de-startups\\\/#article\",\"isPartOf\":{\"@id\":\"https:\\\/\\\/www.satt.fr\\\/la-forge-un-nouveau-programme-pour-integrer-limpact-a-360-dans-la-strategie-des-projets-de-startups\\\/\"},\"author\":{\"name\":\"Sylvain DUC\",\"@id\":\"https:\\\/\\\/www.satt.fr\\\/en\\\/#\\\/schema\\\/person\\\/d6cfecbabebe684202068d45b736deca\"},\"headline\":\"La Forge, un nouveau programme pour int\u00e9grer l\u2019impact \u00e0 360\u00b0 dans la strat\u00e9gie des projets de startups\",\"datePublished\":\"2024-07-09T07:21:56+00:00\",\"mainEntityOfPage\":{\"@id\":\"https:\\\/\\\/www.satt.fr\\\/la-forge-un-nouveau-programme-pour-integrer-limpact-a-360-dans-la-strategie-des-projets-de-startups\\\/\"},\"wordCount\":426,\"image\":{\"@id\":\"https:\\\/\\\/www.satt.fr\\\/la-forge-un-nouveau-programme-pour-integrer-limpact-a-360-dans-la-strategie-des-projets-de-startups\\\/#primaryimage\"},\"thumbnailUrl\":\"https:\\\/\\\/www.satt.fr\\\/wp-content\\\/uploads\\\/2024\\\/07\\\/Bannieres-Intranet-48.png\",\"articleSection\":[\"Actualit\u00e9\"],\"inLanguage\":\"en-US\"},{\"@type\":\"WebPage\",\"@id\":\"https:\\\/\\\/www.satt.fr\\\/la-forge-un-nouveau-programme-pour-integrer-limpact-a-360-dans-la-strategie-des-projets-de-startups\\\/\",\"url\":\"https:\\\/\\\/www.satt.fr\\\/la-forge-un-nouveau-programme-pour-integrer-limpact-a-360-dans-la-strategie-des-projets-de-startups\\\/\",\"name\":\"La Forge, un nouveau programme pour int\u00e9grer l\u2019impact \u00e0 360\u00b0 dans la strat\u00e9gie des projets de startups - R\u00e9seau SATT\",\"isPartOf\":{\"@id\":\"https:\\\/\\\/www.satt.fr\\\/en\\\/#website\"},\"primaryImageOfPage\":{\"@id\":\"https:\\\/\\\/www.satt.fr\\\/la-forge-un-nouveau-programme-pour-integrer-limpact-a-360-dans-la-strategie-des-projets-de-startups\\\/#primaryimage\"},\"image\":{\"@id\":\"https:\\\/\\\/www.satt.fr\\\/la-forge-un-nouveau-programme-pour-integrer-limpact-a-360-dans-la-strategie-des-projets-de-startups\\\/#primaryimage\"},\"thumbnailUrl\":\"https:\\\/\\\/www.satt.fr\\\/wp-content\\\/uploads\\\/2024\\\/07\\\/Bannieres-Intranet-48.png\",\"datePublished\":\"2024-07-09T07:21:56+00:00\",\"author\":{\"@id\":\"https:\\\/\\\/www.satt.fr\\\/en\\\/#\\\/schema\\\/person\\\/d6cfecbabebe684202068d45b736deca\"},\"breadcrumb\":{\"@id\":\"https:\\\/\\\/www.satt.fr\\\/la-forge-un-nouveau-programme-pour-integrer-limpact-a-360-dans-la-strategie-des-projets-de-startups\\\/#breadcrumb\"},\"inLanguage\":\"en-US\",\"potentialAction\":[{\"@type\":\"ReadAction\",\"target\":[\"https:\\\/\\\/www.satt.fr\\\/la-forge-un-nouveau-programme-pour-integrer-limpact-a-360-dans-la-strategie-des-projets-de-startups\\\/\"]}]},{\"@type\":\"ImageObject\",\"inLanguage\":\"en-US\",\"@id\":\"https:\\\/\\\/www.satt.fr\\\/la-forge-un-nouveau-programme-pour-integrer-limpact-a-360-dans-la-strategie-des-projets-de-startups\\\/#primaryimage\",\"url\":\"https:\\\/\\\/www.satt.fr\\\/wp-content\\\/uploads\\\/2024\\\/07\\\/Bannieres-Intranet-48.png\",\"contentUrl\":\"https:\\\/\\\/www.satt.fr\\\/wp-content\\\/uploads\\\/2024\\\/07\\\/Bannieres-Intranet-48.png\",\"width\":1366,\"height\":768},{\"@type\":\"BreadcrumbList\",\"@id\":\"https:\\\/\\\/www.satt.fr\\\/la-forge-un-nouveau-programme-pour-integrer-limpact-a-360-dans-la-strategie-des-projets-de-startups\\\/#breadcrumb\",\"itemListElement\":[{\"@type\":\"ListItem\",\"position\":1,\"name\":\"Accueil\",\"item\":\"https:\\\/\\\/www.satt.fr\\\/en\\\/\"},{\"@type\":\"ListItem\",\"position\":2,\"name\":\"La Forge, un nouveau programme pour int\u00e9grer l\u2019impact \u00e0 360\u00b0 dans la strat\u00e9gie des projets de startups\"}]},{\"@type\":\"WebSite\",\"@id\":\"https:\\\/\\\/www.satt.fr\\\/en\\\/#website\",\"url\":\"https:\\\/\\\/www.satt.fr\\\/en\\\/\",\"name\":\"R\u00e9seau SATT\",\"description\":\"Les Soci\u00e9t\u00e9s d&#039;Acc\u00e9l\u00e9ration du Transfert de Technologies\",\"potentialAction\":[{\"@type\":\"SearchAction\",\"target\":{\"@type\":\"EntryPoint\",\"urlTemplate\":\"https:\\\/\\\/www.satt.fr\\\/en\\\/?s={search_term_string}\"},\"query-input\":{\"@type\":\"PropertyValueSpecification\",\"valueRequired\":true,\"valueName\":\"search_term_string\"}}],\"inLanguage\":\"en-US\"},{\"@type\":\"Person\",\"@id\":\"https:\\\/\\\/www.satt.fr\\\/en\\\/#\\\/schema\\\/person\\\/d6cfecbabebe684202068d45b736deca\",\"name\":\"Sylvain DUC\",\"url\":\"https:\\\/\\\/www.satt.fr\\\/en\\\/author\\\/sylvain\\\/\"}]}<\/script>\n<!-- \/ Yoast SEO plugin. -->","yoast_head_json":{"title":"La Forge, un nouveau programme pour int\u00e9grer l\u2019impact \u00e0 360\u00b0 dans la strat\u00e9gie des projets de startups - R\u00e9seau SATT","robots":{"index":"index","follow":"follow","max-snippet":"max-snippet:-1","max-image-preview":"max-image-preview:large","max-video-preview":"max-video-preview:-1"},"canonical":"https:\/\/www.satt.fr\/la-forge-un-nouveau-programme-pour-integrer-limpact-a-360-dans-la-strategie-des-projets-de-startups\/","twitter_misc":{"Written by":"Sylvain DUC","Est. reading time":"3 minutes"},"schema":{"@context":"https:\/\/schema.org","@graph":[{"@type":"Article","@id":"https:\/\/www.satt.fr\/la-forge-un-nouveau-programme-pour-integrer-limpact-a-360-dans-la-strategie-des-projets-de-startups\/#article","isPartOf":{"@id":"https:\/\/www.satt.fr\/la-forge-un-nouveau-programme-pour-integrer-limpact-a-360-dans-la-strategie-des-projets-de-startups\/"},"author":{"name":"Sylvain DUC","@id":"https:\/\/www.satt.fr\/en\/#\/schema\/person\/d6cfecbabebe684202068d45b736deca"},"headline":"La Forge, un nouveau programme pour int\u00e9grer l\u2019impact \u00e0 360\u00b0 dans la strat\u00e9gie des projets de startups","datePublished":"2024-07-09T07:21:56+00:00","mainEntityOfPage":{"@id":"https:\/\/www.satt.fr\/la-forge-un-nouveau-programme-pour-integrer-limpact-a-360-dans-la-strategie-des-projets-de-startups\/"},"wordCount":426,"image":{"@id":"https:\/\/www.satt.fr\/la-forge-un-nouveau-programme-pour-integrer-limpact-a-360-dans-la-strategie-des-projets-de-startups\/#primaryimage"},"thumbnailUrl":"https:\/\/www.satt.fr\/wp-content\/uploads\/2024\/07\/Bannieres-Intranet-48.png","articleSection":["Actualit\u00e9"],"inLanguage":"en-US"},{"@type":"WebPage","@id":"https:\/\/www.satt.fr\/la-forge-un-nouveau-programme-pour-integrer-limpact-a-360-dans-la-strategie-des-projets-de-startups\/","url":"https:\/\/www.satt.fr\/la-forge-un-nouveau-programme-pour-integrer-limpact-a-360-dans-la-strategie-des-projets-de-startups\/","name":"La Forge, un nouveau programme pour int\u00e9grer l\u2019impact \u00e0 360\u00b0 dans la strat\u00e9gie des projets de startups - R\u00e9seau SATT","isPartOf":{"@id":"https:\/\/www.satt.fr\/en\/#website"},"primaryImageOfPage":{"@id":"https:\/\/www.satt.fr\/la-forge-un-nouveau-programme-pour-integrer-limpact-a-360-dans-la-strategie-des-projets-de-startups\/#primaryimage"},"image":{"@id":"https:\/\/www.satt.fr\/la-forge-un-nouveau-programme-pour-integrer-limpact-a-360-dans-la-strategie-des-projets-de-startups\/#primaryimage"},"thumbnailUrl":"https:\/\/www.satt.fr\/wp-content\/uploads\/2024\/07\/Bannieres-Intranet-48.png","datePublished":"2024-07-09T07:21:56+00:00","author":{"@id":"https:\/\/www.satt.fr\/en\/#\/schema\/person\/d6cfecbabebe684202068d45b736deca"},"breadcrumb":{"@id":"https:\/\/www.satt.fr\/la-forge-un-nouveau-programme-pour-integrer-limpact-a-360-dans-la-strategie-des-projets-de-startups\/#breadcrumb"},"inLanguage":"en-US","potentialAction":[{"@type":"ReadAction","target":["https:\/\/www.satt.fr\/la-forge-un-nouveau-programme-pour-integrer-limpact-a-360-dans-la-strategie-des-projets-de-startups\/"]}]},{"@type":"ImageObject","inLanguage":"en-US","@id":"https:\/\/www.satt.fr\/la-forge-un-nouveau-programme-pour-integrer-limpact-a-360-dans-la-strategie-des-projets-de-startups\/#primaryimage","url":"https:\/\/www.satt.fr\/wp-content\/uploads\/2024\/07\/Bannieres-Intranet-48.png","contentUrl":"https:\/\/www.satt.fr\/wp-content\/uploads\/2024\/07\/Bannieres-Intranet-48.png","width":1366,"height":768},{"@type":"BreadcrumbList","@id":"https:\/\/www.satt.fr\/la-forge-un-nouveau-programme-pour-integrer-limpact-a-360-dans-la-strategie-des-projets-de-startups\/#breadcrumb","itemListElement":[{"@type":"ListItem","position":1,"name":"Accueil","item":"https:\/\/www.satt.fr\/en\/"},{"@type":"ListItem","position":2,"name":"La Forge, un nouveau programme pour int\u00e9grer l\u2019impact \u00e0 360\u00b0 dans la strat\u00e9gie des projets de startups"}]},{"@type":"WebSite","@id":"https:\/\/www.satt.fr\/en\/#website","url":"https:\/\/www.satt.fr\/en\/","name":"R\u00e9seau SATT","description":"Les Soci\u00e9t\u00e9s d&#039;Acc\u00e9l\u00e9ration du Transfert de Technologies","potentialAction":[{"@type":"SearchAction","target":{"@type":"EntryPoint","urlTemplate":"https:\/\/www.satt.fr\/en\/?s={search_term_string}"},"query-input":{"@type":"PropertyValueSpecification","valueRequired":true,"valueName":"search_term_string"}}],"inLanguage":"en-US"},{"@type":"Person","@id":"https:\/\/www.satt.fr\/en\/#\/schema\/person\/d6cfecbabebe684202068d45b736deca","name":"Sylvain DUC","url":"https:\/\/www.satt.fr\/en\/author\/sylvain\/"}]}},"_links":{"self":[{"href":"https:\/\/www.satt.fr\/en\/wp-json\/wp\/v2\/posts\/42283","targetHints":{"allow":["GET"]}}],"collection":[{"href":"https:\/\/www.satt.fr\/en\/wp-json\/wp\/v2\/posts"}],"about":[{"href":"https:\/\/www.satt.fr\/en\/wp-json\/wp\/v2\/types\/post"}],"author":[{"embeddable":true,"href":"https:\/\/www.satt.fr\/en\/wp-json\/wp\/v2\/users\/24"}],"replies":[{"embeddable":true,"href":"https:\/\/www.satt.fr\/en\/wp-json\/wp\/v2\/comments?post=42283"}],"version-history":[{"count":1,"href":"https:\/\/www.satt.fr\/en\/wp-json\/wp\/v2\/posts\/42283\/revisions"}],"predecessor-version":[{"id":42286,"href":"https:\/\/www.satt.fr\/en\/wp-json\/wp\/v2\/posts\/42283\/revisions\/42286"}],"wp:featuredmedia":[{"embeddable":true,"href":"https:\/\/www.satt.fr\/en\/wp-json\/wp\/v2\/media\/42284"}],"wp:attachment":[{"href":"https:\/\/www.satt.fr\/en\/wp-json\/wp\/v2\/media?parent=42283"}],"wp:term":[{"taxonomy":"category","embeddable":true,"href":"https:\/\/www.satt.fr\/en\/wp-json\/wp\/v2\/categories?post=42283"},{"taxonomy":"post_tag","embeddable":true,"href":"https:\/\/www.satt.fr\/en\/wp-json\/wp\/v2\/tags?post=42283"}],"curies":[{"name":"wp","href":"https:\/\/api.w.org\/{rel}","templated":true}]}}