{"id":434,"date":"2013-04-18T08:39:21","date_gmt":"2013-04-18T07:39:21","guid":{"rendered":"http:\/\/www.satt.fr\/?p=434"},"modified":"2017-11-13T16:51:07","modified_gmt":"2017-11-13T15:51:07","slug":"la-satt-grand-centre-recrute","status":"publish","type":"post","link":"https:\/\/www.satt.fr\/en\/la-satt-grand-centre-recrute\/","title":{"rendered":"La SATT Grand Centre recrute"},"content":{"rendered":"<p><!--:fr-->Les P\u00f4les de recherche et d&#8217;enseignement sup\u00e9rieur Centre-Val de Loire universit\u00e9, Clermont universit\u00e9 et Limousin Poitou-Charentes, le CNRS, Irstea et l&#8217;Etat s&#8217;associent pour cr\u00e9er la Soci\u00e9t\u00e9 d&#8217;Acc\u00e9l\u00e9ration du\u00a0Transfert\u00a0de Technologie Grand Centre (SATT Grand Centre).<\/p>\n<p>Dot\u00e9e d&#8217;un financement de 60 millions d&#8217;euros sur 10 ans, la SATT Grand Centre a lanc\u00e9 sa campagne de recrutement. Les postes sont localis\u00e9s \u00e0 Clermont-Ferrand, Limoges, Orl\u00e9ans, Tours et La Rochelle.<\/p>\n<p>Les modalit\u00e9s de recrutement ainsi que les postes concern\u00e9s sont d\u00e9taill\u00e9s sur <a title=\"SATT Grand Centre\" href=\"https:\/\/www.sattgrandcentre.com\/\" target=\"_blank\" rel=\"noopener\">www.sattgrandcentre.com\u00a0<\/a><!--:--><\/p>\n","protected":false},"excerpt":{"rendered":"<p>Les P\u00f4les de recherche et d&#8217;enseignement sup\u00e9rieur Centre-Val de Loire universit\u00e9, Clermont universit\u00e9 et Limousin Poitou-Charentes, le CNRS, Irstea et l&#8217;Etat s&#8217;associent pour cr\u00e9er la Soci\u00e9t\u00e9 d&#8217;Acc\u00e9l\u00e9ration du\u00a0Transfert\u00a0de Technologie Grand Centre (SATT Grand Centre). Dot\u00e9e d&#8217;un financement de 60 millions d&#8217;euros sur 10 ans, la SATT Grand Centre a lanc\u00e9 sa campagne de recrutement. Les [&hellip;]<\/p>\n","protected":false},"author":4,"featured_media":0,"comment_status":"closed","ping_status":"open","sticky":false,"template":"","format":"standard","meta":{"_acf_changed":false,"footnotes":""},"categories":[536],"tags":[12,19,20,21,22,23,25],"class_list":["post-434","post","type-post","status-publish","format-standard","hentry","category-actualite","tag-recrutement","tag-clermont-ferrand","tag-fiches-de-postes","tag-la-rochelle","tag-limoges","tag-orleans","tag-tours"],"acf":[],"yoast_head":"<!-- This site is optimized with the Yoast SEO plugin v27.4 - https:\/\/yoast.com\/product\/yoast-seo-wordpress\/ -->\n<title>La SATT Grand Centre recrute - R\u00e9seau SATT<\/title>\n<meta name=\"robots\" content=\"index, follow, max-snippet:-1, max-image-preview:large, max-video-preview:-1\" \/>\n<link rel=\"canonical\" href=\"https:\/\/www.satt.fr\/la-satt-grand-centre-recrute\/\" \/>\n<meta name=\"twitter:label1\" content=\"Written by\" \/>\n\t<meta name=\"twitter:data1\" content=\"redacteur SATT\" \/>\n<script type=\"application\/ld+json\" class=\"yoast-schema-graph\">{\"@context\":\"https:\\\/\\\/schema.org\",\"@graph\":[{\"@type\":\"Article\",\"@id\":\"https:\\\/\\\/www.satt.fr\\\/la-satt-grand-centre-recrute\\\/#article\",\"isPartOf\":{\"@id\":\"https:\\\/\\\/www.satt.fr\\\/la-satt-grand-centre-recrute\\\/\"},\"author\":{\"name\":\"redacteur SATT\",\"@id\":\"https:\\\/\\\/www.satt.fr\\\/en\\\/#\\\/schema\\\/person\\\/a6836c00a1284a8188e1a05deb2a5e5c\"},\"headline\":\"La SATT Grand Centre recrute\",\"datePublished\":\"2013-04-18T07:39:21+00:00\",\"dateModified\":\"2017-11-13T15:51:07+00:00\",\"mainEntityOfPage\":{\"@id\":\"https:\\\/\\\/www.satt.fr\\\/la-satt-grand-centre-recrute\\\/\"},\"wordCount\":104,\"keywords\":[\"Recrutement\",\"Clermont-Ferrand\",\"fiches de postes\",\"La Rochelle\",\"Limoges\",\"Orl\u00e9ans\",\"Tours\"],\"articleSection\":[\"Actualit\u00e9\"],\"inLanguage\":\"en-US\"},{\"@type\":\"WebPage\",\"@id\":\"https:\\\/\\\/www.satt.fr\\\/la-satt-grand-centre-recrute\\\/\",\"url\":\"https:\\\/\\\/www.satt.fr\\\/la-satt-grand-centre-recrute\\\/\",\"name\":\"La SATT Grand Centre recrute - R\u00e9seau SATT\",\"isPartOf\":{\"@id\":\"https:\\\/\\\/www.satt.fr\\\/en\\\/#website\"},\"datePublished\":\"2013-04-18T07:39:21+00:00\",\"dateModified\":\"2017-11-13T15:51:07+00:00\",\"author\":{\"@id\":\"https:\\\/\\\/www.satt.fr\\\/en\\\/#\\\/schema\\\/person\\\/a6836c00a1284a8188e1a05deb2a5e5c\"},\"breadcrumb\":{\"@id\":\"https:\\\/\\\/www.satt.fr\\\/la-satt-grand-centre-recrute\\\/#breadcrumb\"},\"inLanguage\":\"en-US\",\"potentialAction\":[{\"@type\":\"ReadAction\",\"target\":[\"https:\\\/\\\/www.satt.fr\\\/la-satt-grand-centre-recrute\\\/\"]}]},{\"@type\":\"BreadcrumbList\",\"@id\":\"https:\\\/\\\/www.satt.fr\\\/la-satt-grand-centre-recrute\\\/#breadcrumb\",\"itemListElement\":[{\"@type\":\"ListItem\",\"position\":1,\"name\":\"Accueil\",\"item\":\"https:\\\/\\\/www.satt.fr\\\/en\\\/\"},{\"@type\":\"ListItem\",\"position\":2,\"name\":\"La SATT Grand Centre recrute\"}]},{\"@type\":\"WebSite\",\"@id\":\"https:\\\/\\\/www.satt.fr\\\/en\\\/#website\",\"url\":\"https:\\\/\\\/www.satt.fr\\\/en\\\/\",\"name\":\"R\u00e9seau SATT\",\"description\":\"Les Soci\u00e9t\u00e9s d&#039;Acc\u00e9l\u00e9ration du Transfert de Technologies\",\"potentialAction\":[{\"@type\":\"SearchAction\",\"target\":{\"@type\":\"EntryPoint\",\"urlTemplate\":\"https:\\\/\\\/www.satt.fr\\\/en\\\/?s={search_term_string}\"},\"query-input\":{\"@type\":\"PropertyValueSpecification\",\"valueRequired\":true,\"valueName\":\"search_term_string\"}}],\"inLanguage\":\"en-US\"},{\"@type\":\"Person\",\"@id\":\"https:\\\/\\\/www.satt.fr\\\/en\\\/#\\\/schema\\\/person\\\/a6836c00a1284a8188e1a05deb2a5e5c\",\"name\":\"redacteur SATT\",\"url\":\"https:\\\/\\\/www.satt.fr\\\/en\\\/author\\\/redacteur\\\/\"}]}<\/script>\n<!-- \/ Yoast SEO plugin. -->","yoast_head_json":{"title":"La SATT Grand Centre recrute - R\u00e9seau SATT","robots":{"index":"index","follow":"follow","max-snippet":"max-snippet:-1","max-image-preview":"max-image-preview:large","max-video-preview":"max-video-preview:-1"},"canonical":"https:\/\/www.satt.fr\/la-satt-grand-centre-recrute\/","twitter_misc":{"Written by":"redacteur SATT"},"schema":{"@context":"https:\/\/schema.org","@graph":[{"@type":"Article","@id":"https:\/\/www.satt.fr\/la-satt-grand-centre-recrute\/#article","isPartOf":{"@id":"https:\/\/www.satt.fr\/la-satt-grand-centre-recrute\/"},"author":{"name":"redacteur SATT","@id":"https:\/\/www.satt.fr\/en\/#\/schema\/person\/a6836c00a1284a8188e1a05deb2a5e5c"},"headline":"La SATT Grand Centre recrute","datePublished":"2013-04-18T07:39:21+00:00","dateModified":"2017-11-13T15:51:07+00:00","mainEntityOfPage":{"@id":"https:\/\/www.satt.fr\/la-satt-grand-centre-recrute\/"},"wordCount":104,"keywords":["Recrutement","Clermont-Ferrand","fiches de postes","La Rochelle","Limoges","Orl\u00e9ans","Tours"],"articleSection":["Actualit\u00e9"],"inLanguage":"en-US"},{"@type":"WebPage","@id":"https:\/\/www.satt.fr\/la-satt-grand-centre-recrute\/","url":"https:\/\/www.satt.fr\/la-satt-grand-centre-recrute\/","name":"La SATT Grand Centre recrute - R\u00e9seau SATT","isPartOf":{"@id":"https:\/\/www.satt.fr\/en\/#website"},"datePublished":"2013-04-18T07:39:21+00:00","dateModified":"2017-11-13T15:51:07+00:00","author":{"@id":"https:\/\/www.satt.fr\/en\/#\/schema\/person\/a6836c00a1284a8188e1a05deb2a5e5c"},"breadcrumb":{"@id":"https:\/\/www.satt.fr\/la-satt-grand-centre-recrute\/#breadcrumb"},"inLanguage":"en-US","potentialAction":[{"@type":"ReadAction","target":["https:\/\/www.satt.fr\/la-satt-grand-centre-recrute\/"]}]},{"@type":"BreadcrumbList","@id":"https:\/\/www.satt.fr\/la-satt-grand-centre-recrute\/#breadcrumb","itemListElement":[{"@type":"ListItem","position":1,"name":"Accueil","item":"https:\/\/www.satt.fr\/en\/"},{"@type":"ListItem","position":2,"name":"La SATT Grand Centre recrute"}]},{"@type":"WebSite","@id":"https:\/\/www.satt.fr\/en\/#website","url":"https:\/\/www.satt.fr\/en\/","name":"R\u00e9seau SATT","description":"Les Soci\u00e9t\u00e9s d&#039;Acc\u00e9l\u00e9ration du Transfert de Technologies","potentialAction":[{"@type":"SearchAction","target":{"@type":"EntryPoint","urlTemplate":"https:\/\/www.satt.fr\/en\/?s={search_term_string}"},"query-input":{"@type":"PropertyValueSpecification","valueRequired":true,"valueName":"search_term_string"}}],"inLanguage":"en-US"},{"@type":"Person","@id":"https:\/\/www.satt.fr\/en\/#\/schema\/person\/a6836c00a1284a8188e1a05deb2a5e5c","name":"redacteur SATT","url":"https:\/\/www.satt.fr\/en\/author\/redacteur\/"}]}},"_links":{"self":[{"href":"https:\/\/www.satt.fr\/en\/wp-json\/wp\/v2\/posts\/434","targetHints":{"allow":["GET"]}}],"collection":[{"href":"https:\/\/www.satt.fr\/en\/wp-json\/wp\/v2\/posts"}],"about":[{"href":"https:\/\/www.satt.fr\/en\/wp-json\/wp\/v2\/types\/post"}],"author":[{"embeddable":true,"href":"https:\/\/www.satt.fr\/en\/wp-json\/wp\/v2\/users\/4"}],"replies":[{"embeddable":true,"href":"https:\/\/www.satt.fr\/en\/wp-json\/wp\/v2\/comments?post=434"}],"version-history":[{"count":1,"href":"https:\/\/www.satt.fr\/en\/wp-json\/wp\/v2\/posts\/434\/revisions"}],"predecessor-version":[{"id":4976,"href":"https:\/\/www.satt.fr\/en\/wp-json\/wp\/v2\/posts\/434\/revisions\/4976"}],"wp:attachment":[{"href":"https:\/\/www.satt.fr\/en\/wp-json\/wp\/v2\/media?parent=434"}],"wp:term":[{"taxonomy":"category","embeddable":true,"href":"https:\/\/www.satt.fr\/en\/wp-json\/wp\/v2\/categories?post=434"},{"taxonomy":"post_tag","embeddable":true,"href":"https:\/\/www.satt.fr\/en\/wp-json\/wp\/v2\/tags?post=434"}],"curies":[{"name":"wp","href":"https:\/\/api.w.org\/{rel}","templated":true}]}}