{"id":46565,"date":"2026-01-06T13:44:49","date_gmt":"2026-01-06T12:44:49","guid":{"rendered":"https:\/\/www.satt.fr\/?p=46565"},"modified":"2026-01-06T13:51:01","modified_gmt":"2026-01-06T12:51:01","slug":"satt-up-decembre-2025","status":"publish","type":"post","link":"https:\/\/www.satt.fr\/en\/satt-up-decembre-2025\/","title":{"rendered":"SATT-UP ! L\u2019actualit\u00e9 des startup accompagn\u00e9es par les membres du R\u00e9seau SATT #64 \u2013 D\u00e9cembre 2025"},"content":{"rendered":"<div id=\"pl-46565\"  class=\"panel-layout\" ><div id=\"pg-46565-0\"  class=\"panel-grid panel-no-style\" ><div id=\"pgc-46565-0-0\"  class=\"panel-grid-cell\" ><div id=\"panel-46565-0-0-0\" class=\"so-panel widget widget_sow-editor panel-first-child panel-last-child\" data-index=\"0\" ><div\n\t\t\t\n\t\t\tclass=\"so-widget-sow-editor so-widget-sow-editor-base\"\n\t\t\t\n\t\t>\n<div class=\"siteorigin-widget-tinymce textwidget\">\n\t<p><strong>Retrouvez les derni\u00e8res actualit\u00e9s des startups accompagn\u00e9es par les membres du R\u00e9seau SATT pour le mois de d\u00e9cembre 2025.<\/strong><\/p>\n<\/div>\n<\/div><\/div><\/div><\/div><div id=\"pg-46565-1\"  class=\"panel-grid panel-no-style\" ><div id=\"pgc-46565-1-0\"  class=\"panel-grid-cell\" ><div id=\"panel-46565-1-0-0\" class=\"so-panel widget widget_sow-image panel-first-child panel-last-child\" data-index=\"1\" ><div\n\t\t\t\n\t\t\tclass=\"so-widget-sow-image so-widget-sow-image-default-8b5b6f678277-46565\"\n\t\t\t\n\t\t>\n<div class=\"sow-image-container\">\n\t\t<img \n\tsrc=\"https:\/\/www.satt.fr\/wp-content\/uploads\/2026\/01\/1.jpg\" width=\"564\" height=\"242\" srcset=\"https:\/\/www.satt.fr\/wp-content\/uploads\/2026\/01\/1.jpg 564w, https:\/\/www.satt.fr\/wp-content\/uploads\/2026\/01\/1-300x129.jpg 300w, https:\/\/www.satt.fr\/wp-content\/uploads\/2026\/01\/1-150x64.jpg 150w, https:\/\/www.satt.fr\/wp-content\/uploads\/2026\/01\/1-500x215.jpg 500w, https:\/\/www.satt.fr\/wp-content\/uploads\/2026\/01\/1-200x86.jpg 200w\" sizes=\"(max-width: 564px) 100vw, 564px\" alt=\"\" \t\tclass=\"so-widget-image\"\/>\n\t<\/div>\n\n<\/div><\/div><\/div><div id=\"pgc-46565-1-1\"  class=\"panel-grid-cell\" ><div id=\"panel-46565-1-1-0\" class=\"so-panel widget widget_sow-editor panel-first-child panel-last-child\" data-index=\"2\" ><div\n\t\t\t\n\t\t\tclass=\"so-widget-sow-editor so-widget-sow-editor-base\"\n\t\t\t\n\t\t>\n<div class=\"siteorigin-widget-tinymce textwidget\">\n\t<p><strong>La SATT Sayens entre au capital de la medtech Telendo pour acc\u00e9l\u00e9rer l\u2019endoscopie augment\u00e9e. <\/strong><em>(SAYENS)<\/em><\/p>\n<p>La SATT Sayens entre au capital de la start-up Telendo apr\u00e8s lui avoir conc\u00e9d\u00e9 une licence exclusive portant sur une technologie de plateforme num\u00e9rique qui cible une meilleure interpr\u00e9tation et la valorisation des examens endoscopiques \u2014 une avanc\u00e9e majeure pour une m\u00e9decine plus pr\u00e9cise, pr\u00e9dictive et personnalis\u00e9e. L\u2019accord entre la SATT Sayens et Telendo marque une impulsion d\u00e9cisive pour propulser sur le march\u00e9 une innovation \u00e0 fort potentiel.<\/p>\n<p><a href=\"https:\/\/www.sayens.fr\/actualites\/reussite\/participation-capital-telendo\/\">En savoir plus<\/a><\/p>\n<\/div>\n<\/div><\/div><\/div><\/div><div id=\"pg-46565-2\"  class=\"panel-grid panel-no-style\" ><div id=\"pgc-46565-2-0\"  class=\"panel-grid-cell\" ><div id=\"panel-46565-2-0-0\" class=\"so-panel widget widget_sow-image panel-first-child panel-last-child\" data-index=\"3\" ><div\n\t\t\t\n\t\t\tclass=\"so-widget-sow-image so-widget-sow-image-default-8b5b6f678277-46565\"\n\t\t\t\n\t\t>\n<div class=\"sow-image-container\">\n\t\t<img \n\tsrc=\"https:\/\/www.satt.fr\/wp-content\/uploads\/2026\/01\/2.jpg\" width=\"564\" height=\"242\" srcset=\"https:\/\/www.satt.fr\/wp-content\/uploads\/2026\/01\/2.jpg 564w, https:\/\/www.satt.fr\/wp-content\/uploads\/2026\/01\/2-300x129.jpg 300w, https:\/\/www.satt.fr\/wp-content\/uploads\/2026\/01\/2-150x64.jpg 150w, https:\/\/www.satt.fr\/wp-content\/uploads\/2026\/01\/2-500x215.jpg 500w, https:\/\/www.satt.fr\/wp-content\/uploads\/2026\/01\/2-200x86.jpg 200w\" sizes=\"(max-width: 564px) 100vw, 564px\" alt=\"\" \t\tclass=\"so-widget-image\"\/>\n\t<\/div>\n\n<\/div><\/div><\/div><div id=\"pgc-46565-2-1\"  class=\"panel-grid-cell\" ><div id=\"panel-46565-2-1-0\" class=\"so-panel widget widget_sow-editor panel-first-child panel-last-child\" data-index=\"4\" ><div\n\t\t\t\n\t\t\tclass=\"so-widget-sow-editor so-widget-sow-editor-base\"\n\t\t\t\n\t\t>\n<div class=\"siteorigin-widget-tinymce textwidget\">\n\t<p><strong>Kimialys l\u00e8ve 3,6 M\u20ac pour acc\u00e9l\u00e9rer sa commercialisation et son passage \u00e0 \u00e9chelle. <\/strong><em>(SATT Paris-Saclay)<\/em><\/p>\n<p>Kimialys, entreprise sp\u00e9cialis\u00e9e dans la d\u00e9tection et caract\u00e9risation de mol\u00e9cules biologiques, franchit une \u00e9tape cl\u00e9 dans son d\u00e9veloppement gr\u00e2ce \u00e0 une lev\u00e9e de fonds de 3,6 millions d\u2019euros. Fond\u00e9e en 2020, Kimialys s\u2019appuie sur la technologie brevet\u00e9e K-One, issue de plus de dix ans de recherche au CNRS et \u00e0 l\u2019ENS Paris-Saclay. Cette innovation en chimie de surface am\u00e9liore la sensibilit\u00e9 et la sp\u00e9cificit\u00e9 des biocapteurs utilis\u00e9s en diagnostic in vitro. Cette lev\u00e9e permettra d' industrialiser la ligne de production, notamment des nanoparticules d\u2019or fonctionnalis\u00e9es, de lancer une premi\u00e8re gamme commerciale de kits pr\u00eats \u00e0 l\u2019emploi, de renforcer la dynamique commerciale en France et \u00e0 l\u2019international et d'acc\u00e9l\u00e9rer l\u2019adoption de la technologie dans le diagnostic, la pharma et les tests in vitro.<\/p>\n<p><a href=\"https:\/\/www.linkedin.com\/posts\/kimialys_kimialys-series-a-fundraising-press-release-activity-7404474933793423360-811d?utm_source=share&amp;utm_medium=member_desktop&amp;rcm=ACoAABdVTzwBWznc113MWGcgc93yA6wYln1S-p0\">En savoir plus<\/a><\/p>\n<\/div>\n<\/div><\/div><\/div><\/div><div id=\"pg-46565-3\"  class=\"panel-grid panel-no-style\" ><div id=\"pgc-46565-3-0\"  class=\"panel-grid-cell\" ><div id=\"panel-46565-3-0-0\" class=\"so-panel widget widget_sow-image panel-first-child panel-last-child\" data-index=\"5\" ><div\n\t\t\t\n\t\t\tclass=\"so-widget-sow-image so-widget-sow-image-default-8b5b6f678277-46565\"\n\t\t\t\n\t\t>\n<div class=\"sow-image-container\">\n\t\t<img \n\tsrc=\"https:\/\/www.satt.fr\/wp-content\/uploads\/2026\/01\/3.jpg\" width=\"564\" height=\"242\" srcset=\"https:\/\/www.satt.fr\/wp-content\/uploads\/2026\/01\/3.jpg 564w, https:\/\/www.satt.fr\/wp-content\/uploads\/2026\/01\/3-300x129.jpg 300w, https:\/\/www.satt.fr\/wp-content\/uploads\/2026\/01\/3-150x64.jpg 150w, https:\/\/www.satt.fr\/wp-content\/uploads\/2026\/01\/3-500x215.jpg 500w, https:\/\/www.satt.fr\/wp-content\/uploads\/2026\/01\/3-200x86.jpg 200w\" sizes=\"(max-width: 564px) 100vw, 564px\" alt=\"\" \t\tclass=\"so-widget-image\"\/>\n\t<\/div>\n\n<\/div><\/div><\/div><div id=\"pgc-46565-3-1\"  class=\"panel-grid-cell\" ><div id=\"panel-46565-3-1-0\" class=\"so-panel widget widget_sow-editor panel-first-child panel-last-child\" data-index=\"6\" ><div\n\t\t\t\n\t\t\tclass=\"so-widget-sow-editor so-widget-sow-editor-base\"\n\t\t\t\n\t\t>\n<div class=\"siteorigin-widget-tinymce textwidget\">\n\t<p><strong>3Deus Dynamics, laur\u00e9at de l\u2019appel \u00e0 projets \u201ci-D\u00c9MO\u201d du plan France 2030, obtient 3,7 M\u20ac pour industrialiser la production de silicones techniques pour l\u2019a\u00e9ronautique et la d\u00e9fense. <\/strong><em>(Pulsalys)<\/em><\/p>\n<p>3Deus Dynamics, startup deeptech issue de l\u2019Universit\u00e9 Claude Bernard Lyon 1 et de la plateforme acad\u00e9mique 3d.FAB, est laur\u00e9ate de l\u2019appel \u00e0 projets \u00ab i-D\u00c9MO \u00bb du plan France 2030. Le soutien financier de 3,7M\u20ac permettra d\u2019acc\u00e9l\u00e9rer son industrialisation au travers du d\u00e9ploiement d\u2019une ligne multi-robotique d\u2019impression 3D d\u00e9di\u00e9e aux silicones haute performance pour l\u2019a\u00e9ronautique et la d\u00e9fense.<\/p>\n<p><a href=\"https:\/\/www.pulsalys.fr\/article\/3deus-dynamics-laureat-de-lappel-projets-i-demo-du-plan-france-2030-obtient-3-7-m\">En savoir plus<\/a><\/p>\n<\/div>\n<\/div><\/div><\/div><\/div><div id=\"pg-46565-4\"  class=\"panel-grid panel-no-style\" ><div id=\"pgc-46565-4-0\"  class=\"panel-grid-cell\" ><div id=\"panel-46565-4-0-0\" class=\"so-panel widget widget_sow-image panel-first-child panel-last-child\" data-index=\"7\" ><div\n\t\t\t\n\t\t\tclass=\"so-widget-sow-image so-widget-sow-image-default-8b5b6f678277-46565\"\n\t\t\t\n\t\t>\n<div class=\"sow-image-container\">\n\t\t<img \n\tsrc=\"https:\/\/www.satt.fr\/wp-content\/uploads\/2026\/01\/4.jpg\" width=\"564\" height=\"242\" srcset=\"https:\/\/www.satt.fr\/wp-content\/uploads\/2026\/01\/4.jpg 564w, https:\/\/www.satt.fr\/wp-content\/uploads\/2026\/01\/4-300x129.jpg 300w, https:\/\/www.satt.fr\/wp-content\/uploads\/2026\/01\/4-150x64.jpg 150w, https:\/\/www.satt.fr\/wp-content\/uploads\/2026\/01\/4-500x215.jpg 500w, https:\/\/www.satt.fr\/wp-content\/uploads\/2026\/01\/4-200x86.jpg 200w\" sizes=\"(max-width: 564px) 100vw, 564px\" alt=\"\" \t\tclass=\"so-widget-image\"\/>\n\t<\/div>\n\n<\/div><\/div><\/div><div id=\"pgc-46565-4-1\"  class=\"panel-grid-cell\" ><div id=\"panel-46565-4-1-0\" class=\"so-panel widget widget_sow-editor panel-first-child panel-last-child\" data-index=\"8\" ><div\n\t\t\t\n\t\t\tclass=\"so-widget-sow-editor so-widget-sow-editor-base\"\n\t\t\t\n\t\t>\n<div class=\"siteorigin-widget-tinymce textwidget\">\n\t<p><strong>La start-up franc-comtoise H2SYS lance un g\u00e9n\u00e9rateur \u00e9lectrique mobile tout terrain. <\/strong><em>(SAYENS)<\/em><\/p>\n<p>Avec le sp\u00e9cialiste des syst\u00e8mes 4 roues motrices Dangel, H2SYS a con\u00e7u un g\u00e9n\u00e9rateur \u00e9lectrique \u00e0 hydrog\u00e8ne mobile et, surtout, tout terrain. Une version a \u00e9t\u00e9 pr\u00e9sent\u00e9e \u00e0 l\u2019occasion du forum Hydrogen business for climate, le salon d\u00e9di\u00e9 \u00e0 l\u2019hydrog\u00e8ne. Sp\u00e9cialiste des syst\u00e8mes pile \u00e0 combustible, H2SYS d\u00e9veloppe, con\u00e7oit et fabrique des solutions technologiques et innovantes pour produire de l\u2019\u00e9lectricit\u00e9 bas carbone.<\/p>\n<p><a href=\"https:\/\/h2sys.fr\/\">En savoir plus<\/a><\/p>\n<\/div>\n<\/div><\/div><\/div><\/div><div id=\"pg-46565-5\"  class=\"panel-grid panel-no-style\" ><div id=\"pgc-46565-5-0\"  class=\"panel-grid-cell\" ><div id=\"panel-46565-5-0-0\" class=\"so-panel widget widget_sow-image panel-first-child panel-last-child\" data-index=\"9\" ><div\n\t\t\t\n\t\t\tclass=\"so-widget-sow-image so-widget-sow-image-default-8b5b6f678277-46565\"\n\t\t\t\n\t\t>\n<div class=\"sow-image-container\">\n\t\t<img \n\tsrc=\"https:\/\/www.satt.fr\/wp-content\/uploads\/2026\/01\/6.jpg\" width=\"564\" height=\"242\" srcset=\"https:\/\/www.satt.fr\/wp-content\/uploads\/2026\/01\/6.jpg 564w, https:\/\/www.satt.fr\/wp-content\/uploads\/2026\/01\/6-300x129.jpg 300w, https:\/\/www.satt.fr\/wp-content\/uploads\/2026\/01\/6-150x64.jpg 150w, https:\/\/www.satt.fr\/wp-content\/uploads\/2026\/01\/6-500x215.jpg 500w, https:\/\/www.satt.fr\/wp-content\/uploads\/2026\/01\/6-200x86.jpg 200w\" sizes=\"(max-width: 564px) 100vw, 564px\" alt=\"\" \t\tclass=\"so-widget-image\"\/>\n\t<\/div>\n\n<\/div><\/div><\/div><div id=\"pgc-46565-5-1\"  class=\"panel-grid-cell\" ><div id=\"panel-46565-5-1-0\" class=\"so-panel widget widget_sow-editor panel-first-child panel-last-child\" data-index=\"10\" ><div\n\t\t\t\n\t\t\tclass=\"so-widget-sow-editor so-widget-sow-editor-base\"\n\t\t\t\n\t\t>\n<div class=\"siteorigin-widget-tinymce textwidget\">\n\t<p><strong>Le groupe pharmaceutique GSK noue un partenariat avec Syndivia pour d\u00e9velopper un traitement contre le cancer de la prostate. <\/strong><em>(Conectus)<\/em><\/p>\n<p>La start-up de biotechnologie Syndivia a sign\u00e9 un accord avec le laboratoire britannique GSK pour produire et diffuser \u00e0 grande \u00e9chelle son conjugu\u00e9 anticorps-m\u00e9dicament (antibody-drug-conjuguate, ADC). Ce rem\u00e8de, en ciblant le micro-environnement tumoral, r\u00e9duit la taille de la tumeur sans entra\u00eener d\u2019effet secondaire significatif. Dans ce cadre, la jeune pousse fran\u00e7aise recevra jusqu\u2019\u00e0 268 millions de livres (307 millions d\u2019euros) d\u2019un bloc, ainsi que des redevances \u00e9chelonn\u00e9es sur les futures ventes du produit dans le monde. De quoi financer les futures recherches.<\/p>\n<p><a href=\"https:\/\/www.syndivia.com\/news\/gsk-acquires-exclusive-rights-from-syndivia-for-antibody-drug-conjugate-adc-in-prostate-cancer\">En savoir plus<\/a><\/p>\n<\/div>\n<\/div><\/div><\/div><\/div><div id=\"pg-46565-6\"  class=\"panel-grid panel-no-style\" ><div id=\"pgc-46565-6-0\"  class=\"panel-grid-cell\" ><div id=\"panel-46565-6-0-0\" class=\"so-panel widget widget_sow-image panel-first-child panel-last-child\" data-index=\"11\" ><div\n\t\t\t\n\t\t\tclass=\"so-widget-sow-image so-widget-sow-image-default-8b5b6f678277-46565\"\n\t\t\t\n\t\t>\n<div class=\"sow-image-container\">\n\t\t<img \n\tsrc=\"https:\/\/www.satt.fr\/wp-content\/uploads\/2026\/01\/5.jpg\" width=\"564\" height=\"242\" srcset=\"https:\/\/www.satt.fr\/wp-content\/uploads\/2026\/01\/5.jpg 564w, https:\/\/www.satt.fr\/wp-content\/uploads\/2026\/01\/5-300x129.jpg 300w, https:\/\/www.satt.fr\/wp-content\/uploads\/2026\/01\/5-150x64.jpg 150w, https:\/\/www.satt.fr\/wp-content\/uploads\/2026\/01\/5-500x215.jpg 500w, https:\/\/www.satt.fr\/wp-content\/uploads\/2026\/01\/5-200x86.jpg 200w\" sizes=\"(max-width: 564px) 100vw, 564px\" alt=\"\" \t\tclass=\"so-widget-image\"\/>\n\t<\/div>\n\n<\/div><\/div><\/div><div id=\"pgc-46565-6-1\"  class=\"panel-grid-cell\" ><div id=\"panel-46565-6-1-0\" class=\"so-panel widget widget_sow-editor panel-first-child panel-last-child\" data-index=\"12\" ><div\n\t\t\t\n\t\t\tclass=\"so-widget-sow-editor so-widget-sow-editor-base\"\n\t\t\t\n\t\t>\n<div class=\"siteorigin-widget-tinymce textwidget\">\n\t<p><strong>La start-up lorraine S.A.M rejoint Generate, le programme d\u2019acc\u00e9l\u00e9ration du Gicat. <\/strong><em>(SAYENS)<\/em><\/p>\n<p>GENERATE est le premier acc\u00e9l\u00e9rateur fran\u00e7ais d\u00e9di\u00e9 \u00e0 l\u2019innovation et l\u2019accompagnement de start-up dans la d\u00e9fense et la s\u00e9curit\u00e9. S.A.M (Signature et Authentification des Mat\u00e9riaux) propose un produit innovant de certification et de lutte anti-contrefa\u00e7on, mais aussi une nouvelle approche du stockage d\u2019informations.<\/p>\n<p><a href=\"https:\/\/www.signaturesam.com\/\">En savoir plus<\/a><\/p>\n<\/div>\n<\/div><\/div><\/div><\/div><\/div>","protected":false},"excerpt":{"rendered":"<p>Retrouvez les derni\u00e8res actualit\u00e9s des startups accompagn\u00e9es par les membres du R\u00e9seau SATT pour le mois de d\u00e9cembre 2025. La SATT Sayens entre au capital de la medtech Telendo pour acc\u00e9l\u00e9rer l\u2019endoscopie augment\u00e9e. (SAYENS) La SATT Sayens entre au capital de la start-up Telendo apr\u00e8s lui avoir conc\u00e9d\u00e9 une licence exclusive portant sur une technologie [&hellip;]<\/p>\n","protected":false},"author":2,"featured_media":30125,"comment_status":"closed","ping_status":"closed","sticky":false,"template":"","format":"standard","meta":{"_acf_changed":false,"footnotes":""},"categories":[603],"tags":[],"class_list":["post-46565","post","type-post","status-publish","format-standard","has-post-thumbnail","hentry","category-startup"],"acf":[],"yoast_head":"<!-- This site is optimized with the Yoast SEO plugin v27.4 - https:\/\/yoast.com\/product\/yoast-seo-wordpress\/ -->\n<title>SATT-UP ! L\u2019actualit\u00e9 des startup accompagn\u00e9es par les membres du R\u00e9seau SATT #64 \u2013 D\u00e9cembre 2025 - R\u00e9seau SATT<\/title>\n<meta name=\"robots\" content=\"index, follow, max-snippet:-1, max-image-preview:large, max-video-preview:-1\" \/>\n<link rel=\"canonical\" href=\"https:\/\/www.satt.fr\/satt-up-decembre-2025\/\" \/>\n<meta name=\"twitter:label1\" content=\"Written by\" \/>\n\t<meta name=\"twitter:data1\" content=\"admin\" \/>\n\t<meta name=\"twitter:label2\" content=\"Est. reading time\" \/>\n\t<meta name=\"twitter:data2\" content=\"5 minutes\" \/>\n<script type=\"application\/ld+json\" class=\"yoast-schema-graph\">{\"@context\":\"https:\\\/\\\/schema.org\",\"@graph\":[{\"@type\":\"Article\",\"@id\":\"https:\\\/\\\/www.satt.fr\\\/satt-up-decembre-2025\\\/#article\",\"isPartOf\":{\"@id\":\"https:\\\/\\\/www.satt.fr\\\/satt-up-decembre-2025\\\/\"},\"author\":{\"name\":\"admin\",\"@id\":\"https:\\\/\\\/www.satt.fr\\\/en\\\/#\\\/schema\\\/person\\\/6f20a7d0bc03146f6e34a9f08d941fec\"},\"headline\":\"SATT-UP ! L\u2019actualit\u00e9 des startup accompagn\u00e9es par les membres du R\u00e9seau SATT #64 \u2013 D\u00e9cembre 2025\",\"datePublished\":\"2026-01-06T12:44:49+00:00\",\"dateModified\":\"2026-01-06T12:51:01+00:00\",\"mainEntityOfPage\":{\"@id\":\"https:\\\/\\\/www.satt.fr\\\/satt-up-decembre-2025\\\/\"},\"wordCount\":739,\"image\":{\"@id\":\"https:\\\/\\\/www.satt.fr\\\/satt-up-decembre-2025\\\/#primaryimage\"},\"thumbnailUrl\":\"https:\\\/\\\/www.satt.fr\\\/wp-content\\\/uploads\\\/2022\\\/03\\\/SATTUP.png\",\"articleSection\":[\"Startup\"],\"inLanguage\":\"en-US\"},{\"@type\":\"WebPage\",\"@id\":\"https:\\\/\\\/www.satt.fr\\\/satt-up-decembre-2025\\\/\",\"url\":\"https:\\\/\\\/www.satt.fr\\\/satt-up-decembre-2025\\\/\",\"name\":\"SATT-UP ! L\u2019actualit\u00e9 des startup accompagn\u00e9es par les membres du R\u00e9seau SATT #64 \u2013 D\u00e9cembre 2025 - R\u00e9seau SATT\",\"isPartOf\":{\"@id\":\"https:\\\/\\\/www.satt.fr\\\/en\\\/#website\"},\"primaryImageOfPage\":{\"@id\":\"https:\\\/\\\/www.satt.fr\\\/satt-up-decembre-2025\\\/#primaryimage\"},\"image\":{\"@id\":\"https:\\\/\\\/www.satt.fr\\\/satt-up-decembre-2025\\\/#primaryimage\"},\"thumbnailUrl\":\"https:\\\/\\\/www.satt.fr\\\/wp-content\\\/uploads\\\/2022\\\/03\\\/SATTUP.png\",\"datePublished\":\"2026-01-06T12:44:49+00:00\",\"dateModified\":\"2026-01-06T12:51:01+00:00\",\"author\":{\"@id\":\"https:\\\/\\\/www.satt.fr\\\/en\\\/#\\\/schema\\\/person\\\/6f20a7d0bc03146f6e34a9f08d941fec\"},\"breadcrumb\":{\"@id\":\"https:\\\/\\\/www.satt.fr\\\/satt-up-decembre-2025\\\/#breadcrumb\"},\"inLanguage\":\"en-US\",\"potentialAction\":[{\"@type\":\"ReadAction\",\"target\":[\"https:\\\/\\\/www.satt.fr\\\/satt-up-decembre-2025\\\/\"]}]},{\"@type\":\"ImageObject\",\"inLanguage\":\"en-US\",\"@id\":\"https:\\\/\\\/www.satt.fr\\\/satt-up-decembre-2025\\\/#primaryimage\",\"url\":\"https:\\\/\\\/www.satt.fr\\\/wp-content\\\/uploads\\\/2022\\\/03\\\/SATTUP.png\",\"contentUrl\":\"https:\\\/\\\/www.satt.fr\\\/wp-content\\\/uploads\\\/2022\\\/03\\\/SATTUP.png\",\"width\":3200,\"height\":1785},{\"@type\":\"BreadcrumbList\",\"@id\":\"https:\\\/\\\/www.satt.fr\\\/satt-up-decembre-2025\\\/#breadcrumb\",\"itemListElement\":[{\"@type\":\"ListItem\",\"position\":1,\"name\":\"Accueil\",\"item\":\"https:\\\/\\\/www.satt.fr\\\/en\\\/\"},{\"@type\":\"ListItem\",\"position\":2,\"name\":\"SATT-UP ! L\u2019actualit\u00e9 des startup accompagn\u00e9es par les membres du R\u00e9seau SATT #64 \u2013 D\u00e9cembre 2025\"}]},{\"@type\":\"WebSite\",\"@id\":\"https:\\\/\\\/www.satt.fr\\\/en\\\/#website\",\"url\":\"https:\\\/\\\/www.satt.fr\\\/en\\\/\",\"name\":\"R\u00e9seau SATT\",\"description\":\"Les Soci\u00e9t\u00e9s d&#039;Acc\u00e9l\u00e9ration du Transfert de Technologies\",\"potentialAction\":[{\"@type\":\"SearchAction\",\"target\":{\"@type\":\"EntryPoint\",\"urlTemplate\":\"https:\\\/\\\/www.satt.fr\\\/en\\\/?s={search_term_string}\"},\"query-input\":{\"@type\":\"PropertyValueSpecification\",\"valueRequired\":true,\"valueName\":\"search_term_string\"}}],\"inLanguage\":\"en-US\"},{\"@type\":\"Person\",\"@id\":\"https:\\\/\\\/www.satt.fr\\\/en\\\/#\\\/schema\\\/person\\\/6f20a7d0bc03146f6e34a9f08d941fec\",\"name\":\"admin\",\"url\":\"https:\\\/\\\/www.satt.fr\\\/en\\\/author\\\/admin\\\/\"}]}<\/script>\n<!-- \/ Yoast SEO plugin. -->","yoast_head_json":{"title":"SATT-UP ! L\u2019actualit\u00e9 des startup accompagn\u00e9es par les membres du R\u00e9seau SATT #64 \u2013 D\u00e9cembre 2025 - R\u00e9seau SATT","robots":{"index":"index","follow":"follow","max-snippet":"max-snippet:-1","max-image-preview":"max-image-preview:large","max-video-preview":"max-video-preview:-1"},"canonical":"https:\/\/www.satt.fr\/satt-up-decembre-2025\/","twitter_misc":{"Written by":"admin","Est. reading time":"5 minutes"},"schema":{"@context":"https:\/\/schema.org","@graph":[{"@type":"Article","@id":"https:\/\/www.satt.fr\/satt-up-decembre-2025\/#article","isPartOf":{"@id":"https:\/\/www.satt.fr\/satt-up-decembre-2025\/"},"author":{"name":"admin","@id":"https:\/\/www.satt.fr\/en\/#\/schema\/person\/6f20a7d0bc03146f6e34a9f08d941fec"},"headline":"SATT-UP ! L\u2019actualit\u00e9 des startup accompagn\u00e9es par les membres du R\u00e9seau SATT #64 \u2013 D\u00e9cembre 2025","datePublished":"2026-01-06T12:44:49+00:00","dateModified":"2026-01-06T12:51:01+00:00","mainEntityOfPage":{"@id":"https:\/\/www.satt.fr\/satt-up-decembre-2025\/"},"wordCount":739,"image":{"@id":"https:\/\/www.satt.fr\/satt-up-decembre-2025\/#primaryimage"},"thumbnailUrl":"https:\/\/www.satt.fr\/wp-content\/uploads\/2022\/03\/SATTUP.png","articleSection":["Startup"],"inLanguage":"en-US"},{"@type":"WebPage","@id":"https:\/\/www.satt.fr\/satt-up-decembre-2025\/","url":"https:\/\/www.satt.fr\/satt-up-decembre-2025\/","name":"SATT-UP ! L\u2019actualit\u00e9 des startup accompagn\u00e9es par les membres du R\u00e9seau SATT #64 \u2013 D\u00e9cembre 2025 - R\u00e9seau SATT","isPartOf":{"@id":"https:\/\/www.satt.fr\/en\/#website"},"primaryImageOfPage":{"@id":"https:\/\/www.satt.fr\/satt-up-decembre-2025\/#primaryimage"},"image":{"@id":"https:\/\/www.satt.fr\/satt-up-decembre-2025\/#primaryimage"},"thumbnailUrl":"https:\/\/www.satt.fr\/wp-content\/uploads\/2022\/03\/SATTUP.png","datePublished":"2026-01-06T12:44:49+00:00","dateModified":"2026-01-06T12:51:01+00:00","author":{"@id":"https:\/\/www.satt.fr\/en\/#\/schema\/person\/6f20a7d0bc03146f6e34a9f08d941fec"},"breadcrumb":{"@id":"https:\/\/www.satt.fr\/satt-up-decembre-2025\/#breadcrumb"},"inLanguage":"en-US","potentialAction":[{"@type":"ReadAction","target":["https:\/\/www.satt.fr\/satt-up-decembre-2025\/"]}]},{"@type":"ImageObject","inLanguage":"en-US","@id":"https:\/\/www.satt.fr\/satt-up-decembre-2025\/#primaryimage","url":"https:\/\/www.satt.fr\/wp-content\/uploads\/2022\/03\/SATTUP.png","contentUrl":"https:\/\/www.satt.fr\/wp-content\/uploads\/2022\/03\/SATTUP.png","width":3200,"height":1785},{"@type":"BreadcrumbList","@id":"https:\/\/www.satt.fr\/satt-up-decembre-2025\/#breadcrumb","itemListElement":[{"@type":"ListItem","position":1,"name":"Accueil","item":"https:\/\/www.satt.fr\/en\/"},{"@type":"ListItem","position":2,"name":"SATT-UP ! L\u2019actualit\u00e9 des startup accompagn\u00e9es par les membres du R\u00e9seau SATT #64 \u2013 D\u00e9cembre 2025"}]},{"@type":"WebSite","@id":"https:\/\/www.satt.fr\/en\/#website","url":"https:\/\/www.satt.fr\/en\/","name":"R\u00e9seau SATT","description":"Les Soci\u00e9t\u00e9s d&#039;Acc\u00e9l\u00e9ration du Transfert de Technologies","potentialAction":[{"@type":"SearchAction","target":{"@type":"EntryPoint","urlTemplate":"https:\/\/www.satt.fr\/en\/?s={search_term_string}"},"query-input":{"@type":"PropertyValueSpecification","valueRequired":true,"valueName":"search_term_string"}}],"inLanguage":"en-US"},{"@type":"Person","@id":"https:\/\/www.satt.fr\/en\/#\/schema\/person\/6f20a7d0bc03146f6e34a9f08d941fec","name":"admin","url":"https:\/\/www.satt.fr\/en\/author\/admin\/"}]}},"_links":{"self":[{"href":"https:\/\/www.satt.fr\/en\/wp-json\/wp\/v2\/posts\/46565","targetHints":{"allow":["GET"]}}],"collection":[{"href":"https:\/\/www.satt.fr\/en\/wp-json\/wp\/v2\/posts"}],"about":[{"href":"https:\/\/www.satt.fr\/en\/wp-json\/wp\/v2\/types\/post"}],"author":[{"embeddable":true,"href":"https:\/\/www.satt.fr\/en\/wp-json\/wp\/v2\/users\/2"}],"replies":[{"embeddable":true,"href":"https:\/\/www.satt.fr\/en\/wp-json\/wp\/v2\/comments?post=46565"}],"version-history":[{"count":3,"href":"https:\/\/www.satt.fr\/en\/wp-json\/wp\/v2\/posts\/46565\/revisions"}],"predecessor-version":[{"id":46580,"href":"https:\/\/www.satt.fr\/en\/wp-json\/wp\/v2\/posts\/46565\/revisions\/46580"}],"wp:featuredmedia":[{"embeddable":true,"href":"https:\/\/www.satt.fr\/en\/wp-json\/wp\/v2\/media\/30125"}],"wp:attachment":[{"href":"https:\/\/www.satt.fr\/en\/wp-json\/wp\/v2\/media?parent=46565"}],"wp:term":[{"taxonomy":"category","embeddable":true,"href":"https:\/\/www.satt.fr\/en\/wp-json\/wp\/v2\/categories?post=46565"},{"taxonomy":"post_tag","embeddable":true,"href":"https:\/\/www.satt.fr\/en\/wp-json\/wp\/v2\/tags?post=46565"}],"curies":[{"name":"wp","href":"https:\/\/api.w.org\/{rel}","templated":true}]}}