{"id":47095,"date":"2026-03-31T12:50:21","date_gmt":"2026-03-31T10:50:21","guid":{"rendered":"https:\/\/www.satt.fr\/?p=47095"},"modified":"2026-03-31T12:54:09","modified_gmt":"2026-03-31T10:54:09","slug":"resultats-satt-1er-janvier-2026","status":"publish","type":"post","link":"https:\/\/www.satt.fr\/en\/resultats-satt-1er-janvier-2026\/","title":{"rendered":"Transformer le potentiel de la deeptech : Les r\u00e9sultats des SATT au 1er janvier 2026"},"content":{"rendered":"<div id=\"pl-47095\"  class=\"panel-layout\" ><div id=\"pg-47095-0\"  class=\"panel-grid panel-no-style\" ><div id=\"pgc-47095-0-0\"  class=\"panel-grid-cell\" ><div id=\"panel-47095-0-0-0\" class=\"so-panel widget widget_sow-editor panel-first-child panel-last-child\" data-index=\"0\" ><div\n\t\t\t\n\t\t\tclass=\"so-widget-sow-editor so-widget-sow-editor-base\"\n\t\t\t\n\t\t>\n<div class=\"siteorigin-widget-tinymce textwidget\">\n\t<p><strong>Acc\u00e9l\u00e9rer l\u2019industrialisation des innovations issues des laboratoires publiques fran\u00e7ais et leur valorisation pour la soci\u00e9t\u00e9, c\u2019est le d\u00e9fi relev\u00e9 par les SATT depuis 14 ans d\u2019existence. Ce d\u00e9but d\u2019ann\u00e9e 2026 est l\u2019occasion de mettre en avant leurs r\u00e9sultats mutualis\u00e9s, qui illustrent pleinement leur impact, leur capacit\u00e9 \u00e0 transformer la recherche et leurs efforts croissants au service de la mutualisation des comp\u00e9tences et du transfert des technologies.<\/strong><\/p>\n<\/div>\n<\/div><\/div><\/div><\/div><div id=\"pg-47095-1\"  class=\"panel-grid panel-no-style\" ><div id=\"pgc-47095-1-0\"  class=\"panel-grid-cell\" ><div id=\"panel-47095-1-0-0\" class=\"so-panel widget widget_sow-editor panel-first-child panel-last-child\" data-index=\"1\" ><div\n\t\t\t\n\t\t\tclass=\"so-widget-sow-editor so-widget-sow-editor-base\"\n\t\t\t\n\t\t>\n<div class=\"siteorigin-widget-tinymce textwidget\">\n\t<h2 style=\"text-align: center;\"><strong>Confirmation du r\u00f4le strat\u00e9gique des SATT<\/strong><\/h2>\n<\/div>\n<\/div><\/div><\/div><\/div><div id=\"pg-47095-2\"  class=\"panel-grid panel-no-style\" ><div id=\"pgc-47095-2-0\"  class=\"panel-grid-cell\" ><div id=\"panel-47095-2-0-0\" class=\"so-panel widget widget_sow-editor panel-first-child panel-last-child\" data-index=\"2\" ><div\n\t\t\t\n\t\t\tclass=\"so-widget-sow-editor so-widget-sow-editor-base\"\n\t\t\t\n\t\t>\n<div class=\"siteorigin-widget-tinymce textwidget\">\n\t<p>Acteurs principaux de la deeptech fran\u00e7aise, les SATT sont engag\u00e9es dans le dynamisme \u00e9conomique gr\u00e2ce aux innovations scientifiques et leur connexion quotidienne \u00e0 plus de 150.000 chercheurs sur le territoire. Mobilis\u00e9s dans l\u2019identification, la protection, le financement et l\u2019accompagnement de projets de maturation, elles ont ainsi <strong>d\u00e9tect\u00e9 et analys\u00e9 plus de 21.280 projets de recherche innovants<\/strong> depuis 2012 et prot\u00e9g\u00e9 les plus prometteurs avec le d\u00e9p\u00f4t de <strong>4.650 brevets prioritaires<\/strong> sur la m\u00eame p\u00e9riode.<\/p>\n<p>Gr\u00e2ce \u00e0 leur investissement, les SATT transforment les d\u00e9couvertes des chercheurs en produits, services ou proc\u00e9d\u00e9s de rupture \u00e0 fort potentiel \u00e9conomique et technologique. Avec <strong>2.357 licences d\u2019exploitations sign\u00e9es avec des entreprises<\/strong>, elles sont ensuite les vecteurs du transfert en propulsant l\u2019excellence de la deeptech fran\u00e7aise vers le monde \u00e9conomique. Avec <strong>45 % de ces licences technologiques transf\u00e9r\u00e9es par les SATT b\u00e9n\u00e9ficiant \u00e0 des PME et ETI<\/strong>, elles jouent pleinement leur r\u00f4le de service de R&amp;D externalis\u00e9.<\/p>\n<p>Ces r\u00e9sultats exemplaires sont notamment le fruit d\u2019un accompagnement de proximit\u00e9 constant sur l\u2019ensemble du parcours de l\u2019innovation, depuis la sensibilisation des diff\u00e9rents acteurs au sein des laboratoires et des entreprises, jusqu\u2019au transfert technologique industriel ou la cr\u00e9ation de startups deeptech.<\/p>\n<\/div>\n<\/div><\/div><\/div><\/div><div id=\"pg-47095-3\"  class=\"panel-grid panel-no-style\" ><div id=\"pgc-47095-3-0\"  class=\"panel-grid-cell\" ><div id=\"panel-47095-3-0-0\" class=\"so-panel widget widget_sow-editor panel-first-child panel-last-child\" data-index=\"3\" ><div\n\t\t\t\n\t\t\tclass=\"so-widget-sow-editor so-widget-sow-editor-base\"\n\t\t\t\n\t\t>\n<div class=\"siteorigin-widget-tinymce textwidget\">\n\t<h2 style=\"text-align: center;\"><strong>Un vivier de startups performantes et attractives<\/strong><\/h2>\n<\/div>\n<\/div><\/div><\/div><\/div><div id=\"pg-47095-4\"  class=\"panel-grid panel-no-style\" ><div id=\"pgc-47095-4-0\"  class=\"panel-grid-cell\" ><div id=\"panel-47095-4-0-0\" class=\"so-panel widget widget_sow-editor panel-first-child panel-last-child\" data-index=\"4\" ><div\n\t\t\t\n\t\t\tclass=\"so-widget-sow-editor so-widget-sow-editor-base\"\n\t\t\t\n\t\t>\n<div class=\"siteorigin-widget-tinymce textwidget\">\n\t<p>Avec <strong>987 startups cr\u00e9\u00e9es depuis 2012<\/strong>, les SATT sont les premiers acteurs de proximit\u00e9 du Plan Deeptech de l\u2019\u00c9tat, au c\u0153ur de l\u2019ambition port\u00e9e pour la France. Des entreprises particuli\u00e8rement attractives aupr\u00e8s des investisseurs, puisqu\u2019<strong>elles ont lev\u00e9 un montant de 4,4 milliards d\u2019euros<\/strong>, et sont vectrices de croissance avec une valorisation \u00e9conomique estim\u00e9e \u00e0 plus de 6 milliards d\u2019euros.<\/p>\n<p><strong>\u00a0<\/strong>Ces projets ambitieux illustrent la capacit\u00e9 des SATT \u00e0 transformer les d\u00e9couvertes scientifiques en solutions \u00e0 impact, ancr\u00e9es au c\u0153ur des territoires et en phase avec les enjeux soci\u00e9taux d\u2019avenir<strong>. <\/strong>Elles repr\u00e9sentent surtout un formidable atout en mati\u00e8re de comp\u00e9titivit\u00e9 et d\u2019autonomie strat\u00e9gique pour la France avec notamment <strong>7.400 emplois cr\u00e9\u00e9s<\/strong> \u00e0 date.<\/p>\n<p>Une dynamique confirm\u00e9e par France 2030 et son <a href=\"https:\/\/www.satt.fr\/rapport-france-2030-impact-satt\/\">rapport Impact SATT<\/a>, \u00e9tude \u00e9conom\u00e9trique et une enqu\u00eate de satisfaction, r\u00e9alis\u00e9 par l\u2019Agence Nationale de la Recherche pour le compte du Secr\u00e9tariat g\u00e9n\u00e9ral pour l\u2019investissement (SGPI)\u00a0:<\/p>\n<ul>\n<li>Les startups accompagn\u00e9es par les SATT affichent un chiffre d\u2019affaires sup\u00e9rieur de plus de 50\u202f% d\u00e8s l\u2019ann\u00e9e de l\u2019acquisition de la licence, et presque le double cinq ans plus tard, ainsi qu\u2019une augmentation notable de leurs d\u00e9penses de R&amp;D internes et externes. <strong>Ces trajectoires soulignent l\u2019importance de l\u2019accompagnement et de la qualit\u00e9 des technologies transf\u00e9r\u00e9es<\/strong>, qui permettent aux startups de se positionner rapidement sur des march\u00e9s porteurs.<\/li>\n<li>L\u2019impact cumul\u00e9 sur cinq ans est estim\u00e9 \u00e0 pr\u00e8s de 100 M\u20ac de chiffre d\u2019affaires additionnel et 400 M\u20ac de d\u00e9penses R&amp;D pour les startups clientes des SATT.<\/li>\n<li>Les <strong>fonds d\u2019investissement partenaires soulignent, pour 95% d\u2019entre eux, la qualit\u00e9 des projets accompagn\u00e9s, notamment la capacit\u00e9 des SATT \u00e0 \u00ab d\u00e9risquer \u00bb les technologies<\/strong> et \u00e0 soutenir les startups dans leurs premi\u00e8res \u00e9tapes, tout en maintenant une intervention en capital limit\u00e9e pour pr\u00e9server l\u2019agilit\u00e9 des entreprises.<\/li>\n<\/ul>\n<p>Des r\u00e9sultats qui, selon l\u2019<a href=\"https:\/\/www.satt.fr\/ott-internationaux\/\">\u00e9tude de cabinet ADIT<\/a>, placent les SATT <strong>parmi les meilleurs organismes de transfert au niveau international, avec des chiffres de haut niveau dans la cr\u00e9ation de startups et la transformation des portefeuilles de brevets en spin-offs<\/strong>. Ce rapport comparatif sur la performance des SATT au regard des meilleurs OTT internationaux confirme \u00e9galement la phase de consolidation actuelle des SATT, annonciatrice d\u2019une croissance significative \u00e0 venir.<\/p>\n<\/div>\n<\/div><\/div><\/div><\/div><div id=\"pg-47095-5\"  class=\"panel-grid panel-no-style\" ><div id=\"pgc-47095-5-0\"  class=\"panel-grid-cell\" ><div id=\"panel-47095-5-0-0\" class=\"so-panel widget widget_sow-editor panel-first-child panel-last-child\" data-index=\"5\" ><div\n\t\t\t\n\t\t\tclass=\"so-widget-sow-editor so-widget-sow-editor-base\"\n\t\t\t\n\t\t>\n<div class=\"siteorigin-widget-tinymce textwidget\">\n\t<h2 style=\"text-align: center;\"><strong>Un mod\u00e8le int\u00e9gr\u00e9, reconnu et efficient<\/strong><\/h2>\n<\/div>\n<\/div><\/div><\/div><\/div><div id=\"pg-47095-6\"  class=\"panel-grid panel-no-style\" ><div id=\"pgc-47095-6-0\"  class=\"panel-grid-cell\" ><div id=\"panel-47095-6-0-0\" class=\"so-panel widget widget_sow-editor panel-first-child panel-last-child\" data-index=\"6\" ><div\n\t\t\t\n\t\t\tclass=\"so-widget-sow-editor so-widget-sow-editor-base\"\n\t\t\t\n\t\t>\n<div class=\"siteorigin-widget-tinymce textwidget\">\n\t<p>Le <a href=\"https:\/\/www.satt.fr\/rapport-france-2030-impact-satt\/\">rapport Impact SATT<\/a> met \u00e9galement en lumi\u00e8re le r\u00f4le des SATT dans la transformation des r\u00e9sultats de la recherche publique ainsi que la tr\u00e8s bonne perception de leur interlocuteurs acad\u00e9miques et priv\u00e9s quant au r\u00f4le central qu\u2019elles jouent pour faciliter le passage \u00e0 l\u2019\u00e9chelle des innovations. Au-del\u00e0 des chiffres, l\u2019\u00e9tude s\u2019appuie sur des enqu\u00eates men\u00e9es aupr\u00e8s des entreprises, des chercheurs, des directeurs de laboratoire et des responsables de l\u2019innovation\u00a0: Elles r\u00e9v\u00e8lent un <strong>niveau de satisfaction moyen de 78\u202f% concernant la qualit\u00e9 des services des SATT, et jusqu\u2019\u00e0 84\u202f% pour ceux qui \u00e9valuent sp\u00e9cifiquement le transfert de technologies<\/strong>.<\/p>\n<\/div>\n<\/div><\/div><\/div><\/div><div id=\"pg-47095-7\"  class=\"panel-grid panel-no-style\" ><div id=\"pgc-47095-7-0\"  class=\"panel-grid-cell\" ><div id=\"panel-47095-7-0-0\" class=\"so-panel widget widget_sow-testimonials panel-first-child panel-last-child\" data-index=\"7\" ><div\n\t\t\t\n\t\t\tclass=\"so-widget-sow-testimonials so-widget-sow-testimonials-default-238d510a4e96-47095\"\n\t\t\t\n\t\t><div class=\"sow-testimonials\">\n\t\t\t\t\t<div class=\"sow-testimonial-wrapper sow-user-left sow-layout-side\">\n\t\t\t<div class=\"sow-testimonial\">\n\t\t\t\t\n\t\t\t\t<div class=\"sow-testimonial-user\">\n\t\t\t\t\t\t\t\t\t\t<div class=\"sow-image-wrapper sow-image-wrapper-shape-round\">\n\t\t\t\t\t\t\t\t\t\t\t\t<div class=\"sow-round-image-frame\" style=\"background-image: url( https:\/\/www.satt.fr\/wp-content\/uploads\/2026\/03\/photo.jpg );\"><\/div>\t\t\t\t\t\t\t\t\t\t\t<\/div>\n\t\t\t\t\t\n\t\t\t\t\t<div class=\"sow-text\">\n\t\t\t\t\t\t\t\t\t\t\t\t\t<span class=\"sow-testimonial-name\"><strong><\/strong><\/span>\n\t\t\t\t\t\t\t\t\t\t\t\t\t\t\t\t\t\t\t\t\t\t\t\t\t\t\t\t\t<\/div>\n\t\t\t\t<\/div>\n\n\t\t\t\t\t\t\t\t\t<div class=\"sow-testimonial-text\">\n\t\t\t\t\t\t<p><em>\u00ab\u00a0Les SATT affichent des performances qui s\u2019inscrivent dans la continuit\u00e9 et qui illustrent leur place strat\u00e9gique dans la dynamique d\u2019innovation. Acteurs cl\u00e9s dans les territoires et en prise directe avec les strat\u00e9gies nationales, elles jouissent d\u2019une reconnaissance aupr\u00e8s des acteurs de l\u2019\u00e9cosyst\u00e8me, des chercheurs, des investisseurs et du milieu industriel. En 14 ans d\u2019existence, les SATT ont constitu\u00e9 une fili\u00e8re professionnelle du transfert de technologies implant\u00e9e et efficiente et sont porteuses d\u2019un savoir-faire unique. Elles affichent aujourd\u2019hui des r\u00e9sultats au niveau des meilleurs structures internationales et sont l\u00e9gitimement au centre des ambitions \u00e9conomiques en mati\u00e8re de transformations par la deeptech. \u00bb <\/em><strong><em>Maylis Chusseau, pr\u00e9sidente du R\u00e9seau SATT<\/em><\/strong><\/p>\n\t\t\t\t\t<\/div>\n\t\t\t\t\t\t\t<\/div>\n\t\t<\/div>\n\t<\/div>\n<\/div><\/div><\/div><\/div><div id=\"pg-47095-8\"  class=\"panel-grid panel-no-style\" ><div id=\"pgc-47095-8-0\"  class=\"panel-grid-cell\" ><div id=\"panel-47095-8-0-0\" class=\"so-panel widget widget_sow-editor panel-first-child panel-last-child\" data-index=\"8\" ><div\n\t\t\t\n\t\t\tclass=\"so-widget-sow-editor so-widget-sow-editor-base\"\n\t\t\t\n\t\t>\n<div class=\"siteorigin-widget-tinymce textwidget\">\n\t<p>Dans le rapport annuel de l\u2019<a href=\"https:\/\/www.astp4kt.eu\/\">ASTP<\/a> (association europ\u00e9enne des acteurs du transfert technologique), qui consolide chaque ann\u00e9e les performances des diff\u00e9rents OTT europ\u00e9ens, <strong>les SATT se positionnement en haut de panel sur l\u2019ensemble des indicateurs\u00a0<\/strong>: D\u00e9clarations d\u2019inventions, brevets d\u00e9pos\u00e9s, taux de transformation des brevets en licences, revenus de licences, nombre de startups cr\u00e9\u00e9es.<\/p>\n<p>De plus, il met en lumi\u00e8re le <strong>mod\u00e8le unique des SATT, mutualis\u00e9 \u00e0 plusieurs \u00e9tablissements<\/strong>, qui garantit un niveau \u00e9gal de services et de comp\u00e9tences aux grandes universit\u00e9s comme aux petits \u00e9tablissements. Une source d\u2019inspiration \u00e0 l\u2019international avec des collaborations et partenariats toujours plus nombreux.<\/p>\n<\/div>\n<\/div><\/div><\/div><\/div><div id=\"pg-47095-9\"  class=\"panel-grid panel-no-style\" ><div id=\"pgc-47095-9-0\"  class=\"panel-grid-cell\" ><div id=\"panel-47095-9-0-0\" class=\"so-panel widget widget_media_image panel-first-child panel-last-child\" data-index=\"9\" ><img loading=\"lazy\" decoding=\"async\" width=\"1024\" height=\"748\" src=\"https:\/\/www.satt.fr\/wp-content\/uploads\/2026\/03\/Indicateurs-RS-1024x748.jpg\" class=\"image wp-image-47110  attachment-large size-large\" alt=\"\" style=\"max-width: 100%; height: auto;\" srcset=\"https:\/\/www.satt.fr\/wp-content\/uploads\/2026\/03\/Indicateurs-RS-1024x748.jpg 1024w, https:\/\/www.satt.fr\/wp-content\/uploads\/2026\/03\/Indicateurs-RS-300x219.jpg 300w, https:\/\/www.satt.fr\/wp-content\/uploads\/2026\/03\/Indicateurs-RS-150x110.jpg 150w, https:\/\/www.satt.fr\/wp-content\/uploads\/2026\/03\/Indicateurs-RS-768x561.jpg 768w, https:\/\/www.satt.fr\/wp-content\/uploads\/2026\/03\/Indicateurs-RS-500x365.jpg 500w, https:\/\/www.satt.fr\/wp-content\/uploads\/2026\/03\/Indicateurs-RS-600x438.jpg 600w, https:\/\/www.satt.fr\/wp-content\/uploads\/2026\/03\/Indicateurs-RS-137x100.jpg 137w, https:\/\/www.satt.fr\/wp-content\/uploads\/2026\/03\/Indicateurs-RS.jpg 1200w\" sizes=\"auto, (max-width: 1024px) 100vw, 1024px\" \/><\/div><\/div><\/div><div id=\"pg-47095-10\"  class=\"panel-grid panel-no-style\" ><div id=\"pgc-47095-10-0\"  class=\"panel-grid-cell\" ><div id=\"panel-47095-10-0-0\" class=\"so-panel widget widget_sow-editor panel-first-child panel-last-child\" data-index=\"10\" ><div class=\"panel-widget-style panel-widget-style-for-47095-10-0-0\" ><div\n\t\t\t\n\t\t\tclass=\"so-widget-sow-editor so-widget-sow-editor-base\"\n\t\t\t\n\t\t>\n<div class=\"siteorigin-widget-tinymce textwidget\">\n\t<p style=\"text-align: center;\"><a href=\"https:\/\/www.satt.fr\/wp-content\/uploads\/2026\/03\/ReseauSATT_Communique_Resultats_01.2026.pdf\"><strong><span style=\"color: #ffffff; font-size: 16pt;\"><span style=\"font-size: 16pt;\">Le communiqu\u00e9 de presse<\/span><\/span><\/strong>&lt;\/a<\/a><\/p>\n<\/div>\n<\/div><\/div><\/div><\/div><\/div><\/div>","protected":false},"excerpt":{"rendered":"<p>Acc\u00e9l\u00e9rer l\u2019industrialisation des innovations issues des laboratoires publiques fran\u00e7ais et leur valorisation pour la soci\u00e9t\u00e9, c\u2019est le d\u00e9fi relev\u00e9 par les SATT depuis 14 ans d\u2019existence. Ce d\u00e9but d\u2019ann\u00e9e 2026 est l\u2019occasion de mettre en avant leurs r\u00e9sultats mutualis\u00e9s, qui illustrent pleinement leur impact, leur capacit\u00e9 \u00e0 transformer la recherche et leurs efforts croissants au [&hellip;]<\/p>\n","protected":false},"author":2,"featured_media":47105,"comment_status":"closed","ping_status":"closed","sticky":false,"template":"","format":"standard","meta":{"_acf_changed":false,"footnotes":""},"categories":[535,539],"tags":[],"class_list":["post-47095","post","type-post","status-publish","format-standard","has-post-thumbnail","hentry","category-reussites","category-reseausatt"],"acf":[],"yoast_head":"<!-- This site is optimized with the Yoast SEO plugin v27.4 - https:\/\/yoast.com\/product\/yoast-seo-wordpress\/ -->\n<title>Transformer le potentiel de la deeptech : Les r\u00e9sultats des SATT au 1er janvier 2026 - R\u00e9seau SATT<\/title>\n<meta name=\"robots\" content=\"index, follow, max-snippet:-1, max-image-preview:large, max-video-preview:-1\" \/>\n<link rel=\"canonical\" href=\"https:\/\/www.satt.fr\/resultats-satt-1er-janvier-2026\/\" \/>\n<meta name=\"twitter:label1\" content=\"Written by\" \/>\n\t<meta name=\"twitter:data1\" content=\"admin\" \/>\n\t<meta name=\"twitter:label2\" content=\"Est. reading time\" \/>\n\t<meta name=\"twitter:data2\" content=\"6 minutes\" \/>\n<script type=\"application\/ld+json\" class=\"yoast-schema-graph\">{\"@context\":\"https:\\\/\\\/schema.org\",\"@graph\":[{\"@type\":\"Article\",\"@id\":\"https:\\\/\\\/www.satt.fr\\\/resultats-satt-1er-janvier-2026\\\/#article\",\"isPartOf\":{\"@id\":\"https:\\\/\\\/www.satt.fr\\\/resultats-satt-1er-janvier-2026\\\/\"},\"author\":{\"name\":\"admin\",\"@id\":\"https:\\\/\\\/www.satt.fr\\\/en\\\/#\\\/schema\\\/person\\\/6f20a7d0bc03146f6e34a9f08d941fec\"},\"headline\":\"Transformer le potentiel de la deeptech : Les r\u00e9sultats des SATT au 1er janvier 2026\",\"datePublished\":\"2026-03-31T10:50:21+00:00\",\"dateModified\":\"2026-03-31T10:54:09+00:00\",\"mainEntityOfPage\":{\"@id\":\"https:\\\/\\\/www.satt.fr\\\/resultats-satt-1er-janvier-2026\\\/\"},\"wordCount\":982,\"image\":{\"@id\":\"https:\\\/\\\/www.satt.fr\\\/resultats-satt-1er-janvier-2026\\\/#primaryimage\"},\"thumbnailUrl\":\"https:\\\/\\\/www.satt.fr\\\/wp-content\\\/uploads\\\/2026\\\/03\\\/Les-SATT-au-coeur-des-enjeux-de-renouveau-industriels-francais.jpg\",\"articleSection\":[\"R\u00e9ussites\",\"R\u00e9seau SATT\"],\"inLanguage\":\"en-US\"},{\"@type\":\"WebPage\",\"@id\":\"https:\\\/\\\/www.satt.fr\\\/resultats-satt-1er-janvier-2026\\\/\",\"url\":\"https:\\\/\\\/www.satt.fr\\\/resultats-satt-1er-janvier-2026\\\/\",\"name\":\"Transformer le potentiel de la deeptech : Les r\u00e9sultats des SATT au 1er janvier 2026 - R\u00e9seau SATT\",\"isPartOf\":{\"@id\":\"https:\\\/\\\/www.satt.fr\\\/en\\\/#website\"},\"primaryImageOfPage\":{\"@id\":\"https:\\\/\\\/www.satt.fr\\\/resultats-satt-1er-janvier-2026\\\/#primaryimage\"},\"image\":{\"@id\":\"https:\\\/\\\/www.satt.fr\\\/resultats-satt-1er-janvier-2026\\\/#primaryimage\"},\"thumbnailUrl\":\"https:\\\/\\\/www.satt.fr\\\/wp-content\\\/uploads\\\/2026\\\/03\\\/Les-SATT-au-coeur-des-enjeux-de-renouveau-industriels-francais.jpg\",\"datePublished\":\"2026-03-31T10:50:21+00:00\",\"dateModified\":\"2026-03-31T10:54:09+00:00\",\"author\":{\"@id\":\"https:\\\/\\\/www.satt.fr\\\/en\\\/#\\\/schema\\\/person\\\/6f20a7d0bc03146f6e34a9f08d941fec\"},\"breadcrumb\":{\"@id\":\"https:\\\/\\\/www.satt.fr\\\/resultats-satt-1er-janvier-2026\\\/#breadcrumb\"},\"inLanguage\":\"en-US\",\"potentialAction\":[{\"@type\":\"ReadAction\",\"target\":[\"https:\\\/\\\/www.satt.fr\\\/resultats-satt-1er-janvier-2026\\\/\"]}]},{\"@type\":\"ImageObject\",\"inLanguage\":\"en-US\",\"@id\":\"https:\\\/\\\/www.satt.fr\\\/resultats-satt-1er-janvier-2026\\\/#primaryimage\",\"url\":\"https:\\\/\\\/www.satt.fr\\\/wp-content\\\/uploads\\\/2026\\\/03\\\/Les-SATT-au-coeur-des-enjeux-de-renouveau-industriels-francais.jpg\",\"contentUrl\":\"https:\\\/\\\/www.satt.fr\\\/wp-content\\\/uploads\\\/2026\\\/03\\\/Les-SATT-au-coeur-des-enjeux-de-renouveau-industriels-francais.jpg\",\"width\":2560,\"height\":1428},{\"@type\":\"BreadcrumbList\",\"@id\":\"https:\\\/\\\/www.satt.fr\\\/resultats-satt-1er-janvier-2026\\\/#breadcrumb\",\"itemListElement\":[{\"@type\":\"ListItem\",\"position\":1,\"name\":\"Accueil\",\"item\":\"https:\\\/\\\/www.satt.fr\\\/en\\\/\"},{\"@type\":\"ListItem\",\"position\":2,\"name\":\"Transformer le potentiel de la deeptech : Les r\u00e9sultats des SATT au 1er janvier 2026\"}]},{\"@type\":\"WebSite\",\"@id\":\"https:\\\/\\\/www.satt.fr\\\/en\\\/#website\",\"url\":\"https:\\\/\\\/www.satt.fr\\\/en\\\/\",\"name\":\"R\u00e9seau SATT\",\"description\":\"Les Soci\u00e9t\u00e9s d&#039;Acc\u00e9l\u00e9ration du Transfert de Technologies\",\"potentialAction\":[{\"@type\":\"SearchAction\",\"target\":{\"@type\":\"EntryPoint\",\"urlTemplate\":\"https:\\\/\\\/www.satt.fr\\\/en\\\/?s={search_term_string}\"},\"query-input\":{\"@type\":\"PropertyValueSpecification\",\"valueRequired\":true,\"valueName\":\"search_term_string\"}}],\"inLanguage\":\"en-US\"},{\"@type\":\"Person\",\"@id\":\"https:\\\/\\\/www.satt.fr\\\/en\\\/#\\\/schema\\\/person\\\/6f20a7d0bc03146f6e34a9f08d941fec\",\"name\":\"admin\",\"url\":\"https:\\\/\\\/www.satt.fr\\\/en\\\/author\\\/admin\\\/\"}]}<\/script>\n<!-- \/ Yoast SEO plugin. -->","yoast_head_json":{"title":"Transformer le potentiel de la deeptech : Les r\u00e9sultats des SATT au 1er janvier 2026 - R\u00e9seau SATT","robots":{"index":"index","follow":"follow","max-snippet":"max-snippet:-1","max-image-preview":"max-image-preview:large","max-video-preview":"max-video-preview:-1"},"canonical":"https:\/\/www.satt.fr\/resultats-satt-1er-janvier-2026\/","twitter_misc":{"Written by":"admin","Est. reading time":"6 minutes"},"schema":{"@context":"https:\/\/schema.org","@graph":[{"@type":"Article","@id":"https:\/\/www.satt.fr\/resultats-satt-1er-janvier-2026\/#article","isPartOf":{"@id":"https:\/\/www.satt.fr\/resultats-satt-1er-janvier-2026\/"},"author":{"name":"admin","@id":"https:\/\/www.satt.fr\/en\/#\/schema\/person\/6f20a7d0bc03146f6e34a9f08d941fec"},"headline":"Transformer le potentiel de la deeptech : Les r\u00e9sultats des SATT au 1er janvier 2026","datePublished":"2026-03-31T10:50:21+00:00","dateModified":"2026-03-31T10:54:09+00:00","mainEntityOfPage":{"@id":"https:\/\/www.satt.fr\/resultats-satt-1er-janvier-2026\/"},"wordCount":982,"image":{"@id":"https:\/\/www.satt.fr\/resultats-satt-1er-janvier-2026\/#primaryimage"},"thumbnailUrl":"https:\/\/www.satt.fr\/wp-content\/uploads\/2026\/03\/Les-SATT-au-coeur-des-enjeux-de-renouveau-industriels-francais.jpg","articleSection":["R\u00e9ussites","R\u00e9seau SATT"],"inLanguage":"en-US"},{"@type":"WebPage","@id":"https:\/\/www.satt.fr\/resultats-satt-1er-janvier-2026\/","url":"https:\/\/www.satt.fr\/resultats-satt-1er-janvier-2026\/","name":"Transformer le potentiel de la deeptech : Les r\u00e9sultats des SATT au 1er janvier 2026 - R\u00e9seau SATT","isPartOf":{"@id":"https:\/\/www.satt.fr\/en\/#website"},"primaryImageOfPage":{"@id":"https:\/\/www.satt.fr\/resultats-satt-1er-janvier-2026\/#primaryimage"},"image":{"@id":"https:\/\/www.satt.fr\/resultats-satt-1er-janvier-2026\/#primaryimage"},"thumbnailUrl":"https:\/\/www.satt.fr\/wp-content\/uploads\/2026\/03\/Les-SATT-au-coeur-des-enjeux-de-renouveau-industriels-francais.jpg","datePublished":"2026-03-31T10:50:21+00:00","dateModified":"2026-03-31T10:54:09+00:00","author":{"@id":"https:\/\/www.satt.fr\/en\/#\/schema\/person\/6f20a7d0bc03146f6e34a9f08d941fec"},"breadcrumb":{"@id":"https:\/\/www.satt.fr\/resultats-satt-1er-janvier-2026\/#breadcrumb"},"inLanguage":"en-US","potentialAction":[{"@type":"ReadAction","target":["https:\/\/www.satt.fr\/resultats-satt-1er-janvier-2026\/"]}]},{"@type":"ImageObject","inLanguage":"en-US","@id":"https:\/\/www.satt.fr\/resultats-satt-1er-janvier-2026\/#primaryimage","url":"https:\/\/www.satt.fr\/wp-content\/uploads\/2026\/03\/Les-SATT-au-coeur-des-enjeux-de-renouveau-industriels-francais.jpg","contentUrl":"https:\/\/www.satt.fr\/wp-content\/uploads\/2026\/03\/Les-SATT-au-coeur-des-enjeux-de-renouveau-industriels-francais.jpg","width":2560,"height":1428},{"@type":"BreadcrumbList","@id":"https:\/\/www.satt.fr\/resultats-satt-1er-janvier-2026\/#breadcrumb","itemListElement":[{"@type":"ListItem","position":1,"name":"Accueil","item":"https:\/\/www.satt.fr\/en\/"},{"@type":"ListItem","position":2,"name":"Transformer le potentiel de la deeptech : Les r\u00e9sultats des SATT au 1er janvier 2026"}]},{"@type":"WebSite","@id":"https:\/\/www.satt.fr\/en\/#website","url":"https:\/\/www.satt.fr\/en\/","name":"R\u00e9seau SATT","description":"Les Soci\u00e9t\u00e9s d&#039;Acc\u00e9l\u00e9ration du Transfert de Technologies","potentialAction":[{"@type":"SearchAction","target":{"@type":"EntryPoint","urlTemplate":"https:\/\/www.satt.fr\/en\/?s={search_term_string}"},"query-input":{"@type":"PropertyValueSpecification","valueRequired":true,"valueName":"search_term_string"}}],"inLanguage":"en-US"},{"@type":"Person","@id":"https:\/\/www.satt.fr\/en\/#\/schema\/person\/6f20a7d0bc03146f6e34a9f08d941fec","name":"admin","url":"https:\/\/www.satt.fr\/en\/author\/admin\/"}]}},"_links":{"self":[{"href":"https:\/\/www.satt.fr\/en\/wp-json\/wp\/v2\/posts\/47095","targetHints":{"allow":["GET"]}}],"collection":[{"href":"https:\/\/www.satt.fr\/en\/wp-json\/wp\/v2\/posts"}],"about":[{"href":"https:\/\/www.satt.fr\/en\/wp-json\/wp\/v2\/types\/post"}],"author":[{"embeddable":true,"href":"https:\/\/www.satt.fr\/en\/wp-json\/wp\/v2\/users\/2"}],"replies":[{"embeddable":true,"href":"https:\/\/www.satt.fr\/en\/wp-json\/wp\/v2\/comments?post=47095"}],"version-history":[{"count":6,"href":"https:\/\/www.satt.fr\/en\/wp-json\/wp\/v2\/posts\/47095\/revisions"}],"predecessor-version":[{"id":47113,"href":"https:\/\/www.satt.fr\/en\/wp-json\/wp\/v2\/posts\/47095\/revisions\/47113"}],"wp:featuredmedia":[{"embeddable":true,"href":"https:\/\/www.satt.fr\/en\/wp-json\/wp\/v2\/media\/47105"}],"wp:attachment":[{"href":"https:\/\/www.satt.fr\/en\/wp-json\/wp\/v2\/media?parent=47095"}],"wp:term":[{"taxonomy":"category","embeddable":true,"href":"https:\/\/www.satt.fr\/en\/wp-json\/wp\/v2\/categories?post=47095"},{"taxonomy":"post_tag","embeddable":true,"href":"https:\/\/www.satt.fr\/en\/wp-json\/wp\/v2\/tags?post=47095"}],"curies":[{"name":"wp","href":"https:\/\/api.w.org\/{rel}","templated":true}]}}