{"id":47281,"date":"2026-04-29T13:33:58","date_gmt":"2026-04-29T11:33:58","guid":{"rendered":"https:\/\/www.satt.fr\/?p=47281"},"modified":"2026-04-29T13:39:10","modified_gmt":"2026-04-29T11:39:10","slug":"satt-up-avril-2026","status":"publish","type":"post","link":"https:\/\/www.satt.fr\/en\/satt-up-avril-2026\/","title":{"rendered":"SATT-UP ! L\u2019actualit\u00e9 des startup accompagn\u00e9es par les membres du R\u00e9seau SATT \u2013 Avril 2026"},"content":{"rendered":"<div id=\"pl-47281\"  class=\"panel-layout\" ><div id=\"pg-47281-0\"  class=\"panel-grid panel-no-style\" ><div id=\"pgc-47281-0-0\"  class=\"panel-grid-cell\" ><div id=\"panel-47281-0-0-0\" class=\"so-panel widget widget_sow-editor panel-first-child panel-last-child\" data-index=\"0\" ><div\n\t\t\t\n\t\t\tclass=\"so-widget-sow-editor so-widget-sow-editor-base\"\n\t\t\t\n\t\t>\n<div class=\"siteorigin-widget-tinymce textwidget\">\n\t<p><strong>Retrouvez les derni\u00e8res actualit\u00e9s des startups accompagn\u00e9es par les membres du R\u00e9seau SATT pour le mois d'avril 2026.<\/strong><\/p>\n<\/div>\n<\/div><\/div><\/div><\/div><div id=\"pg-47281-1\"  class=\"panel-grid panel-no-style\" ><div id=\"pgc-47281-1-0\"  class=\"panel-grid-cell\" ><div id=\"panel-47281-1-0-0\" class=\"so-panel widget widget_sow-image panel-first-child panel-last-child\" data-index=\"1\" ><div\n\t\t\t\n\t\t\tclass=\"so-widget-sow-image so-widget-sow-image-default-113ccd71f3e6-47281\"\n\t\t\t\n\t\t>\n<div class=\"sow-image-container\">\n\t\t<img \n\tsrc=\"https:\/\/www.satt.fr\/wp-content\/uploads\/2026\/04\/1-2.jpg\" width=\"564\" height=\"242\" srcset=\"https:\/\/www.satt.fr\/wp-content\/uploads\/2026\/04\/1-2.jpg 564w, https:\/\/www.satt.fr\/wp-content\/uploads\/2026\/04\/1-2-300x129.jpg 300w, https:\/\/www.satt.fr\/wp-content\/uploads\/2026\/04\/1-2-150x64.jpg 150w, https:\/\/www.satt.fr\/wp-content\/uploads\/2026\/04\/1-2-500x215.jpg 500w, https:\/\/www.satt.fr\/wp-content\/uploads\/2026\/04\/1-2-200x86.jpg 200w\" sizes=\"(max-width: 564px) 100vw, 564px\" title=\"1\" alt=\"\" \t\tclass=\"so-widget-image\"\/>\n\t<\/div>\n\n<\/div><\/div><\/div><div id=\"pgc-47281-1-1\"  class=\"panel-grid-cell\" ><div id=\"panel-47281-1-1-0\" class=\"so-panel widget widget_sow-editor panel-first-child panel-last-child\" data-index=\"2\" ><div\n\t\t\t\n\t\t\tclass=\"so-widget-sow-editor so-widget-sow-editor-base\"\n\t\t\t\n\t\t>\n<div class=\"siteorigin-widget-tinymce textwidget\">\n\t<p><strong>Diamfab intensifie sa R&amp;D avec un laboratoire commun avec l'UGA, le CNRS et Grenoble INP-UGA, et un consortium avec STMicroelectronics et le CEA. <\/strong><em>(Linksium)<\/em><\/p>\n<div class=\"PostPage-content lg:mb-10 mb-5\">\n<p>En l'espace de quelques semaines, Diamfab a franchi deux \u00e9tapes d\u00e9cisives dans son d\u00e9veloppement. Le 16 janvier 2026, la startup grenobloise inaugurait DiamLab, un laboratoire commun co-fond\u00e9 avec le CNRS, l'Universit\u00e9 Grenoble Alpes et Grenoble INP-UGA. Puis, fin f\u00e9vrier, elle d\u00e9voilait le consortium Diamfab-STMicroelectronics-CEA avec une micro-batterie nucl\u00e9aire capable de fonctionner pendant plus de vingt ans sans recharge ni maintenance. Deux annonces qui illustrent la mont\u00e9e en puissance d'une entreprise dont l'ambition est de faire du diamant synth\u00e9tique un mat\u00e9riau de r\u00e9f\u00e9rence pour l'\u00e9nergie de demain. Un transfert de technologies qui rayonne bien au-del\u00e0 des quatre ann\u00e9es de maturation-incubation de Linksium.<\/p>\n<\/div>\n<p><a href=\"https:\/\/www.linksium.fr\/magazine\/actualites\/diamfab-intensifie-sa-r-d-avec-laboratoire-commun-avec-luga-le-cnrs-et-grenoble-inp-uga-et-un-consortium-avec-stmicroelectronics-et-le-cea\">En savoir plus<\/a><\/p>\n<\/div>\n<\/div><\/div><\/div><\/div><div id=\"pg-47281-2\"  class=\"panel-grid panel-no-style\" ><div id=\"pgc-47281-2-0\"  class=\"panel-grid-cell\" ><div id=\"panel-47281-2-0-0\" class=\"so-panel widget widget_sow-image panel-first-child panel-last-child\" data-index=\"3\" ><div\n\t\t\t\n\t\t\tclass=\"so-widget-sow-image so-widget-sow-image-default-113ccd71f3e6-47281\"\n\t\t\t\n\t\t>\n<div class=\"sow-image-container\">\n\t\t<img \n\tsrc=\"https:\/\/www.satt.fr\/wp-content\/uploads\/2026\/04\/2-2.jpg\" width=\"564\" height=\"242\" srcset=\"https:\/\/www.satt.fr\/wp-content\/uploads\/2026\/04\/2-2.jpg 564w, https:\/\/www.satt.fr\/wp-content\/uploads\/2026\/04\/2-2-300x129.jpg 300w, https:\/\/www.satt.fr\/wp-content\/uploads\/2026\/04\/2-2-150x64.jpg 150w, https:\/\/www.satt.fr\/wp-content\/uploads\/2026\/04\/2-2-500x215.jpg 500w, https:\/\/www.satt.fr\/wp-content\/uploads\/2026\/04\/2-2-200x86.jpg 200w\" sizes=\"(max-width: 564px) 100vw, 564px\" title=\"2\" alt=\"\" \t\tclass=\"so-widget-image\"\/>\n\t<\/div>\n\n<\/div><\/div><\/div><div id=\"pgc-47281-2-1\"  class=\"panel-grid-cell\" ><div id=\"panel-47281-2-1-0\" class=\"so-panel widget widget_sow-editor panel-first-child panel-last-child\" data-index=\"4\" ><div\n\t\t\t\n\t\t\tclass=\"so-widget-sow-editor so-widget-sow-editor-base\"\n\t\t\t\n\t\t>\n<div class=\"siteorigin-widget-tinymce textwidget\">\n\t<p><strong>Tafalgie Therapeutics franchit une nouvelle \u00e9tape pour l\u2019innovation en sant\u00e9 gr\u00e2ce au soutien de l'Europe. <\/strong><em>(SATT Sud-Est)<\/em><\/p>\n<div class=\"PostPage-content lg:mb-10 mb-5\">\n<p>Tafalgie Therapeutics annonce que son projet de recherche vient de se voir octroyer une subvention dans le cadre du programme Fonds europ\u00e9en de d\u00e9veloppement r\u00e9gional (FEDER). Ce soutien vient valider la mission de la startup : d\u00e9velopper un nouveau traitement capable de soulager et pr\u00e9venir l\u2019apparition de douleurs aigu\u00ebs et chroniques (inflammatoires, post-op\u00e9ratoires, neuropathiques) sans effets secondaires et sans probl\u00e8me de d\u00e9pendance. En s\u2019inscrivant dans le segment de sp\u00e9cialisation \u00ab Th\u00e9rapies innovantes et avanc\u00e9es \u00bb, ce financement conforte le positionnement des travaux de Tafalgie Therapeutics au c\u0153ur des priorit\u00e9s strat\u00e9giques europ\u00e9ennes pour la sant\u00e9 et renforce nos activit\u00e9s de recherche d\u2019excellence au niveau r\u00e9gional, notamment au travers de nos collaborations fructueuses avec l\u2019Institut de Biologie du D\u00e9veloppement de Marseille (IBDM), sous la co-tutelle du CNRS, d'Aix-Marseille Universit\u00e9, et le soutien de la SATT Sud-Est.<\/p>\n<\/div>\n<p><a href=\"https:\/\/www.linkedin.com\/posts\/tafalgie-therapeutics_soutien-subvention-investissement-activity-7450450589009768448-7E8x?utm_source=share&amp;utm_medium=member_desktop&amp;rcm=ACoAABdVTzwBWznc113MWGcgc93yA6wYln1S-p0\">En savoir plus<\/a><\/p>\n<\/div>\n<\/div><\/div><\/div><\/div><div id=\"pg-47281-3\"  class=\"panel-grid panel-no-style\" ><div id=\"pgc-47281-3-0\"  class=\"panel-grid-cell\" ><div id=\"panel-47281-3-0-0\" class=\"so-panel widget widget_sow-image panel-first-child panel-last-child\" data-index=\"5\" ><div\n\t\t\t\n\t\t\tclass=\"so-widget-sow-image so-widget-sow-image-default-113ccd71f3e6-47281\"\n\t\t\t\n\t\t>\n<div class=\"sow-image-container\">\n\t\t<img \n\tsrc=\"https:\/\/www.satt.fr\/wp-content\/uploads\/2026\/04\/3-2.jpg\" width=\"564\" height=\"242\" srcset=\"https:\/\/www.satt.fr\/wp-content\/uploads\/2026\/04\/3-2.jpg 564w, https:\/\/www.satt.fr\/wp-content\/uploads\/2026\/04\/3-2-300x129.jpg 300w, https:\/\/www.satt.fr\/wp-content\/uploads\/2026\/04\/3-2-150x64.jpg 150w, https:\/\/www.satt.fr\/wp-content\/uploads\/2026\/04\/3-2-500x215.jpg 500w, https:\/\/www.satt.fr\/wp-content\/uploads\/2026\/04\/3-2-200x86.jpg 200w\" sizes=\"(max-width: 564px) 100vw, 564px\" title=\"3\" alt=\"\" \t\tclass=\"so-widget-image\"\/>\n\t<\/div>\n\n<\/div><\/div><\/div><div id=\"pgc-47281-3-1\"  class=\"panel-grid-cell\" ><div id=\"panel-47281-3-1-0\" class=\"so-panel widget widget_sow-editor panel-first-child panel-last-child\" data-index=\"6\" ><div\n\t\t\t\n\t\t\tclass=\"so-widget-sow-editor so-widget-sow-editor-base\"\n\t\t\t\n\t\t>\n<div class=\"siteorigin-widget-tinymce textwidget\">\n\t<p><strong>Exotrail : spacevan\u2122 002 est d\u00e9sormais en orbite. <\/strong><em>(SATT Paris-Saclay)<\/em><\/p>\n<div class=\"PostPage-content lg:mb-10 mb-5\">\n<p>Avec le lancement de spacevan\u2122 002 \u00e0 bord d\u2019une Falcon 9, Exotrail, start-up accompagn\u00e9e et financ\u00e9e par la SATT Paris-Saclay, franchit une nouvelle \u00e9tape dans le d\u00e9veloppement de ses services en orbite. Derri\u00e8re spacevan\u2122 se cache un syst\u00e8me con\u00e7u pour fonctionner de mani\u00e8re autonome, r\u00e9sister au lancement, assurer la coh\u00e9rence entre les sous-syst\u00e8mes et survivre \u00e0 l'environnement spatial. Au-del\u00e0 du lancement, cette mission marque une avanc\u00e9e importante : la capacit\u00e9 \u00e0 op\u00e9rer et piloter des satellites pour le compte de ses clients, avec des solutions con\u00e7ues et maitris\u00e9es de bout en bout. Un signal fort de la mont\u00e9e en puissance des services spatiaux, plus flexibles et plus accessibles.<\/p>\n<\/div>\n<p><a href=\"https:\/\/www.linkedin.com\/posts\/exotrail_spacevan-002-architecture-activity-7453095461978058752-YX6X?utm_source=share&amp;utm_medium=member_desktop&amp;rcm=ACoAABdVTzwBWznc113MWGcgc93yA6wYln1S-p0\">En savoir plus<\/a><\/p>\n<\/div>\n<\/div><\/div><\/div><\/div><div id=\"pg-47281-4\"  class=\"panel-grid panel-no-style\" ><div id=\"pgc-47281-4-0\"  class=\"panel-grid-cell\" ><div id=\"panel-47281-4-0-0\" class=\"so-panel widget widget_sow-image panel-first-child panel-last-child\" data-index=\"7\" ><div\n\t\t\t\n\t\t\tclass=\"so-widget-sow-image so-widget-sow-image-default-113ccd71f3e6-47281\"\n\t\t\t\n\t\t>\n<div class=\"sow-image-container\">\n\t\t<img \n\tsrc=\"https:\/\/www.satt.fr\/wp-content\/uploads\/2026\/04\/4-2.jpg\" width=\"564\" height=\"242\" srcset=\"https:\/\/www.satt.fr\/wp-content\/uploads\/2026\/04\/4-2.jpg 564w, https:\/\/www.satt.fr\/wp-content\/uploads\/2026\/04\/4-2-300x129.jpg 300w, https:\/\/www.satt.fr\/wp-content\/uploads\/2026\/04\/4-2-150x64.jpg 150w, https:\/\/www.satt.fr\/wp-content\/uploads\/2026\/04\/4-2-500x215.jpg 500w, https:\/\/www.satt.fr\/wp-content\/uploads\/2026\/04\/4-2-200x86.jpg 200w\" sizes=\"(max-width: 564px) 100vw, 564px\" title=\"4\" alt=\"\" \t\tclass=\"so-widget-image\"\/>\n\t<\/div>\n\n<\/div><\/div><\/div><div id=\"pgc-47281-4-1\"  class=\"panel-grid-cell\" ><div id=\"panel-47281-4-1-0\" class=\"so-panel widget widget_sow-editor panel-first-child panel-last-child\" data-index=\"8\" ><div\n\t\t\t\n\t\t\tclass=\"so-widget-sow-editor so-widget-sow-editor-base\"\n\t\t\t\n\t\t>\n<div class=\"siteorigin-widget-tinymce textwidget\">\n\t<p><strong>La start-up franc-comtoise ORINOVA lance sa premi\u00e8re lev\u00e9e de fonds. <\/strong><em>(Sayens)<\/em><\/p>\n<div class=\"PostPage-content lg:mb-10 mb-5\">\n<p>Celle-ci a pour objectif de finaliser leur preuve de concept en phase pr\u00e9clinique et de produire les premiers lots de notre bith\u00e9rapie innovante, en vue d\u2019une future entr\u00e9e en phase clinique.<br \/>\nLa Biotech ORINOVA d\u00e9veloppe des nano m\u00e9dicaments en oncologie selon une invention mise au point par deux \u00e9quipes de recherche, l\u2019unit\u00e9 RIGHT (Universit\u00e9 Marie et Louis Pasteur, INSERM, \u00c9tablissement Fran\u00e7ais du Sang Bourgogne\u2013Franche-Comt\u00e9) et le laboratoire Chrono-environnement (CNRS, Universit\u00e9 Marie et Louis Pasteur). L\u2019innovation ORINOVA repose sur une bith\u00e9rapie : chimioth\u00e9rapie et radioth\u00e9rapie qui agissent simultan\u00e9ment et de fa\u00e7on synergique.<\/p>\n<\/div>\n<p><a href=\"https:\/\/www.linkedin.com\/posts\/or-inova_biotech-cancer-bithaezrapie-activity-7440410328049352704-XJVd?utm_source=share&amp;utm_medium=member_desktop&amp;rcm=ACoAABdVTzwBWznc113MWGcgc93yA6wYln1S-p0\">En savoir plus<\/a><\/p>\n<\/div>\n<\/div><\/div><\/div><\/div><div id=\"pg-47281-5\"  class=\"panel-grid panel-no-style\" ><div id=\"pgc-47281-5-0\"  class=\"panel-grid-cell\" ><div id=\"panel-47281-5-0-0\" class=\"so-panel widget widget_sow-image panel-first-child panel-last-child\" data-index=\"9\" ><div\n\t\t\t\n\t\t\tclass=\"so-widget-sow-image so-widget-sow-image-default-113ccd71f3e6-47281\"\n\t\t\t\n\t\t>\n<div class=\"sow-image-container\">\n\t\t<img \n\tsrc=\"https:\/\/www.satt.fr\/wp-content\/uploads\/2026\/04\/5-2.jpg\" width=\"564\" height=\"242\" srcset=\"https:\/\/www.satt.fr\/wp-content\/uploads\/2026\/04\/5-2.jpg 564w, https:\/\/www.satt.fr\/wp-content\/uploads\/2026\/04\/5-2-300x129.jpg 300w, https:\/\/www.satt.fr\/wp-content\/uploads\/2026\/04\/5-2-150x64.jpg 150w, https:\/\/www.satt.fr\/wp-content\/uploads\/2026\/04\/5-2-500x215.jpg 500w, https:\/\/www.satt.fr\/wp-content\/uploads\/2026\/04\/5-2-200x86.jpg 200w\" sizes=\"(max-width: 564px) 100vw, 564px\" title=\"5\" alt=\"\" \t\tclass=\"so-widget-image\"\/>\n\t<\/div>\n\n<\/div><\/div><\/div><div id=\"pgc-47281-5-1\"  class=\"panel-grid-cell\" ><div id=\"panel-47281-5-1-0\" class=\"so-panel widget widget_sow-editor panel-first-child panel-last-child\" data-index=\"10\" ><div\n\t\t\t\n\t\t\tclass=\"so-widget-sow-editor so-widget-sow-editor-base\"\n\t\t\t\n\t\t>\n<div class=\"siteorigin-widget-tinymce textwidget\">\n\t<p><strong>BIODOL Therapeutics conclut un accord de licence avec KYORIN Pharmaceutical pour un nouveau traitement contre la douleur neuropathique. <\/strong><em>(SATT AxLR)<\/em><\/p>\n<div class=\"PostPage-content lg:mb-10 mb-5\">\n<p>Accompagn\u00e9e par la SATT AxLR depuis 2013, BIODOL THERAPEUTICS franchit aujourd\u2019hui une nouvelle \u00e9tape cl\u00e9. Un an apr\u00e8s un accord d\u2019option avec KYORIN Pharmaceutical Co., Ltd., celui\u2011ci a \u00e9t\u00e9 exerc\u00e9, aboutissant \u00e0 la signature d\u2019un accord de licence pour BDT272, un inhibiteur FLT3 de nouvelle g\u00e9n\u00e9ration pour la douleur neuropathique. Cette \u00e9tape vient confirmer la solidit\u00e9 du programme, la r\u00e9ussite de la Phase\u202f1 et la qualit\u00e9 du partenariat construit avec KYORIN Pharmaceutical Co., Ltd.<\/p>\n<\/div>\n<p><a href=\"https:\/\/www.satt.fr\/wp-content\/uploads\/2026\/04\/26.03.31_Kyorin-Biodol_press-release_en_VF.pdf\">En savoir plus<\/a><\/p>\n<\/div>\n<\/div><\/div><\/div><\/div><div id=\"pg-47281-6\"  class=\"panel-grid panel-no-style\" ><div id=\"pgc-47281-6-0\"  class=\"panel-grid-cell\" ><div id=\"panel-47281-6-0-0\" class=\"so-panel widget widget_sow-image panel-first-child panel-last-child\" data-index=\"11\" ><div\n\t\t\t\n\t\t\tclass=\"so-widget-sow-image so-widget-sow-image-default-113ccd71f3e6-47281\"\n\t\t\t\n\t\t>\n<div class=\"sow-image-container\">\n\t\t<img \n\tsrc=\"https:\/\/www.satt.fr\/wp-content\/uploads\/2026\/04\/6-2.jpg\" width=\"564\" height=\"242\" srcset=\"https:\/\/www.satt.fr\/wp-content\/uploads\/2026\/04\/6-2.jpg 564w, https:\/\/www.satt.fr\/wp-content\/uploads\/2026\/04\/6-2-300x129.jpg 300w, https:\/\/www.satt.fr\/wp-content\/uploads\/2026\/04\/6-2-150x64.jpg 150w, https:\/\/www.satt.fr\/wp-content\/uploads\/2026\/04\/6-2-500x215.jpg 500w, https:\/\/www.satt.fr\/wp-content\/uploads\/2026\/04\/6-2-200x86.jpg 200w\" sizes=\"(max-width: 564px) 100vw, 564px\" title=\"6\" alt=\"\" \t\tclass=\"so-widget-image\"\/>\n\t<\/div>\n\n<\/div><\/div><\/div><div id=\"pgc-47281-6-1\"  class=\"panel-grid-cell\" ><div id=\"panel-47281-6-1-0\" class=\"so-panel widget widget_sow-editor panel-first-child panel-last-child\" data-index=\"12\" ><div\n\t\t\t\n\t\t\tclass=\"so-widget-sow-editor so-widget-sow-editor-base\"\n\t\t\t\n\t\t>\n<div class=\"siteorigin-widget-tinymce textwidget\">\n\t<p><strong>Une nouvelle \u00e9tape cl\u00e9 franchie pour le programme L2B2 de retraitement du liquide respirable d'ORIXHA. <\/strong><em>(Erganeo)<\/em><\/p>\n<div class=\"PostPage-content lg:mb-10 mb-5\">\n<p>La colonne de distillation d'ORIXHIA est d\u00e9sormais pleinement op\u00e9rationnelle au sein d\u2019Axel'One pour d\u00e9marrer la phase de scale-up du processus de retraitement. Apr\u00e8s plusieurs mois de conception, d\u2019installation et de coordination entre les diff\u00e9rentes \u00e9quipes, ce projet d\u2019envergure a franchi avec succ\u00e8s toutes ses \u00e9tapes cl\u00e9s : Installation finalis\u00e9e, mise en service compl\u00e9t\u00e9e, qualification et validation r\u00e9alis\u00e9es avec succ\u00e8s. Ce projet est le fruit d\u2019un travail collectif mobilisant des expertises vari\u00e9es au service d\u2019un objectif commun : garantir un haut niveau de ma\u00eetrise des proc\u00e9d\u00e9s et de la qualit\u00e9 de dispositif m\u00e9dical d'ORIXHIA Liquid2Breathe. Cette colonne jouera un r\u00f4le cl\u00e9 dans les travaux de purification de Liquid2Breathe, qu\u2019il soit neuf ou retrait\u00e9.<\/p>\n<\/div>\n<p><a href=\"https:\/\/www.linkedin.com\/posts\/orixha_l2b2-liquid2breathe-liquid2breathe-activity-7447927157949120513-FXJ4?utm_source=share&amp;utm_medium=member_desktop&amp;rcm=ACoAABdVTzwBWznc113MWGcgc93yA6wYln1S-p0\">En savoir plus<\/a><\/p>\n<\/div>\n<\/div><\/div><\/div><\/div><div id=\"pg-47281-7\"  class=\"panel-grid panel-no-style\" ><div id=\"pgc-47281-7-0\"  class=\"panel-grid-cell\" ><div id=\"panel-47281-7-0-0\" class=\"so-panel widget widget_sow-image panel-first-child panel-last-child\" data-index=\"13\" ><div\n\t\t\t\n\t\t\tclass=\"so-widget-sow-image so-widget-sow-image-default-113ccd71f3e6-47281\"\n\t\t\t\n\t\t>\n<div class=\"sow-image-container\">\n\t\t<img \n\tsrc=\"https:\/\/www.satt.fr\/wp-content\/uploads\/2026\/04\/7-2.jpg\" width=\"564\" height=\"242\" srcset=\"https:\/\/www.satt.fr\/wp-content\/uploads\/2026\/04\/7-2.jpg 564w, https:\/\/www.satt.fr\/wp-content\/uploads\/2026\/04\/7-2-300x129.jpg 300w, https:\/\/www.satt.fr\/wp-content\/uploads\/2026\/04\/7-2-150x64.jpg 150w, https:\/\/www.satt.fr\/wp-content\/uploads\/2026\/04\/7-2-500x215.jpg 500w, https:\/\/www.satt.fr\/wp-content\/uploads\/2026\/04\/7-2-200x86.jpg 200w\" sizes=\"(max-width: 564px) 100vw, 564px\" title=\"7\" alt=\"\" \t\tclass=\"so-widget-image\"\/>\n\t<\/div>\n\n<\/div><\/div><\/div><div id=\"pgc-47281-7-1\"  class=\"panel-grid-cell\" ><div id=\"panel-47281-7-1-0\" class=\"so-panel widget widget_sow-editor panel-first-child panel-last-child\" data-index=\"14\" ><div\n\t\t\t\n\t\t\tclass=\"so-widget-sow-editor so-widget-sow-editor-base\"\n\t\t\t\n\t\t>\n<div class=\"siteorigin-widget-tinymce textwidget\">\n\t<p><strong>VitaDX : Une avanc\u00e9e majeure pour les patients et les professionnels de sant\u00e9. <\/strong><em>(SATT Paris-Saclay)<\/em><\/p>\n<div class=\"PostPage-content lg:mb-10 mb-5\">\n<p>VitaDX annonce que VisioCyt\u00ae\u00a0 Bladder, sat solution innovante de diagnostic non invasif du cancer de la vessie, est d\u00e9sormais pris en charge dans le cadre du dispositif RIHN 2.0, suite \u00e0 une \u00e9valuation conjointe favorable de la Haute Autorit\u00e9 de Sant\u00e9 et de la Direction G\u00e9n\u00e9rale de la Sant\u00e9 - DGS. D\u00e8s aujourd\u2019hui, VisioCyt\u00ae Bladder est pris en charge \u00e0 100% dans le cadre du registre TVNIM pilot\u00e9 par l\u2019Association Francaise d'Urologie - AFU, permettant une \u00e9valuation en vie r\u00e9elle de ses performances. L\u2019objectif : am\u00e9liorer le parcours de soins, le confort des patients et d\u00e9montrer la valeur m\u00e9dico-\u00e9conomique de cette innovation pour un acc\u00e8s \u00e9largi \u00e0 terme. Une \u00e9tape d\u00e9terminante vers une adoption durable en pratique clinique.<\/p>\n<\/div>\n<p><a href=\"https:\/\/www.linkedin.com\/posts\/vitadx_visiocyt-bladder-pris-en-charge-via-rihn-activity-7445452068443717633-a_FU?utm_source=share&amp;utm_medium=member_desktop&amp;rcm=ACoAABdVTzwBWznc113MWGcgc93yA6wYln1S-p0\">En savoir plus<\/a><\/p>\n<\/div>\n<\/div><\/div><\/div><\/div><div id=\"pg-47281-8\"  class=\"panel-grid panel-no-style\" ><div id=\"pgc-47281-8-0\"  class=\"panel-grid-cell\" ><div id=\"panel-47281-8-0-0\" class=\"so-panel widget widget_sow-image panel-first-child panel-last-child\" data-index=\"15\" ><div\n\t\t\t\n\t\t\tclass=\"so-widget-sow-image so-widget-sow-image-default-113ccd71f3e6-47281\"\n\t\t\t\n\t\t>\n<div class=\"sow-image-container\">\n\t\t<img \n\tsrc=\"https:\/\/www.satt.fr\/wp-content\/uploads\/2026\/04\/8-2.jpg\" width=\"564\" height=\"242\" srcset=\"https:\/\/www.satt.fr\/wp-content\/uploads\/2026\/04\/8-2.jpg 564w, https:\/\/www.satt.fr\/wp-content\/uploads\/2026\/04\/8-2-300x129.jpg 300w, https:\/\/www.satt.fr\/wp-content\/uploads\/2026\/04\/8-2-150x64.jpg 150w, https:\/\/www.satt.fr\/wp-content\/uploads\/2026\/04\/8-2-500x215.jpg 500w, https:\/\/www.satt.fr\/wp-content\/uploads\/2026\/04\/8-2-200x86.jpg 200w\" sizes=\"(max-width: 564px) 100vw, 564px\" title=\"8\" alt=\"\" \t\tclass=\"so-widget-image\"\/>\n\t<\/div>\n\n<\/div><\/div><\/div><div id=\"pgc-47281-8-1\"  class=\"panel-grid-cell\" ><div id=\"panel-47281-8-1-0\" class=\"so-panel widget widget_sow-editor panel-first-child panel-last-child\" data-index=\"16\" ><div\n\t\t\t\n\t\t\tclass=\"so-widget-sow-editor so-widget-sow-editor-base\"\n\t\t\t\n\t\t>\n<div class=\"siteorigin-widget-tinymce textwidget\">\n\t<p><strong>La start-up dijonnaise EKTAH parmi les 12 laur\u00e9ats du programme NETVA 2026. <\/strong><em>(Sayens)<\/em><\/p>\n<div class=\"PostPage-content lg:mb-10 mb-5\">\n<p>Le programme NETVA (New Technology Venture Accelerator) accompagne chaque ann\u00e9e une quinzaine de start-ups fran\u00e7aises deeptech early-stage dans leur d\u00e9veloppement international.<br \/>\nEKTAH r\u00e9volutionne la lutte contre l\u2019ob\u00e9sit\u00e9 avec une approche th\u00e9rapeutique de rupture, issue de la recherche biom\u00e9dicale. En r\u00e9activant les r\u00e9cepteurs du gras, sa solution favorise une perte de poids durable, ciblant la masse grasse sans affecter la masse maigre, tout en r\u00e9duisant fortement les effets secondaires.<\/p>\n<\/div>\n<p><a href=\"https:\/\/www.linkedin.com\/posts\/ektah_ektah-est-honor%C3%A9e-d%C3%AAtre-un-des-12-laur%C3%A9at-activity-7447537029220884480-2J1L?utm_source=share&amp;utm_medium=member_desktop&amp;rcm=ACoAABdVTzwBWznc113MWGcgc93yA6wYln1S-p0\">En savoir plus<\/a><\/p>\n<\/div>\n<\/div><\/div><\/div><\/div><div id=\"pg-47281-9\"  class=\"panel-grid panel-no-style\" ><div id=\"pgc-47281-9-0\"  class=\"panel-grid-cell\" ><div id=\"panel-47281-9-0-0\" class=\"so-panel widget widget_sow-image panel-first-child panel-last-child\" data-index=\"17\" ><div\n\t\t\t\n\t\t\tclass=\"so-widget-sow-image so-widget-sow-image-default-113ccd71f3e6-47281\"\n\t\t\t\n\t\t>\n<div class=\"sow-image-container\">\n\t\t<img \n\tsrc=\"https:\/\/www.satt.fr\/wp-content\/uploads\/2026\/04\/9-2.jpg\" width=\"564\" height=\"242\" srcset=\"https:\/\/www.satt.fr\/wp-content\/uploads\/2026\/04\/9-2.jpg 564w, https:\/\/www.satt.fr\/wp-content\/uploads\/2026\/04\/9-2-300x129.jpg 300w, https:\/\/www.satt.fr\/wp-content\/uploads\/2026\/04\/9-2-150x64.jpg 150w, https:\/\/www.satt.fr\/wp-content\/uploads\/2026\/04\/9-2-500x215.jpg 500w, https:\/\/www.satt.fr\/wp-content\/uploads\/2026\/04\/9-2-200x86.jpg 200w\" sizes=\"(max-width: 564px) 100vw, 564px\" title=\"9\" alt=\"\" \t\tclass=\"so-widget-image\"\/>\n\t<\/div>\n\n<\/div><\/div><\/div><div id=\"pgc-47281-9-1\"  class=\"panel-grid-cell\" ><div id=\"panel-47281-9-1-0\" class=\"so-panel widget widget_sow-editor panel-first-child panel-last-child\" data-index=\"18\" ><div\n\t\t\t\n\t\t\tclass=\"so-widget-sow-editor so-widget-sow-editor-base\"\n\t\t\t\n\t\t>\n<div class=\"siteorigin-widget-tinymce textwidget\">\n\t<p><strong>S.A.M (Signature Authentification des Mat\u00e9riaux) change de nom et devient CLEWTEC. <\/strong><em>(Sayens)<\/em><\/p>\n<div class=\"PostPage-content lg:mb-10 mb-5\">\n<p>CLEWTEC (ex-S.A.M) propose une solution de marquage s\u00e9curis\u00e9e qui permet l\u2019authentification, l\u2019identification et la tra\u00e7abilit\u00e9 des produits et se positionne comme une r\u00e9f\u00e9rence de l\u2019anti-contrefa\u00e7on. \u00c0 partir d'une technologie cryptographique brevet\u00e9e co-d\u00e9velopp\u00e9e avec le CNRS et INRIA, CLEWTEC a con\u00e7u une nouvelle g\u00e9n\u00e9ration de scell\u00e9s physiques. Ils garantissent et prouvent l'int\u00e9grit\u00e9 d'un produit, d'un flux ou d'un acc\u00e8s \u2014 contre la fraude, la substitution et l'intrusion. Ces scell\u00e9s sont inclonables et totalement inertes. Ils se posent en un instant par n'importe quel op\u00e9rateur de terrain, et s'authentifient tr\u00e8s facilement : OK ou KO en 10 secondes, sans cloud, sans infrastructure, sans d\u00e9pendance.<\/p>\n<\/div>\n<p><a href=\"https:\/\/www.linkedin.com\/posts\/clewtec-sam_samsignature-authentification-des-activity-7450445461804580864-QIPY?utm_source=share&amp;utm_medium=member_desktop&amp;rcm=ACoAABdVTzwBWznc113MWGcgc93yA6wYln1S-p0\">En savoir plus<\/a><\/p>\n<\/div>\n<\/div><\/div><\/div><\/div><\/div>","protected":false},"excerpt":{"rendered":"<p>Retrouvez les derni\u00e8res actualit\u00e9s des startups accompagn\u00e9es par les membres du R\u00e9seau SATT pour le mois d&#8217;avril 2026. Diamfab intensifie sa R&amp;D avec un laboratoire commun avec l&#8217;UGA, le CNRS et Grenoble INP-UGA, et un consortium avec STMicroelectronics et le CEA. (Linksium) En l&#8217;espace de quelques semaines, Diamfab a franchi deux \u00e9tapes d\u00e9cisives dans son [&hellip;]<\/p>\n","protected":false},"author":2,"featured_media":30125,"comment_status":"closed","ping_status":"closed","sticky":false,"template":"","format":"standard","meta":{"_acf_changed":false,"footnotes":""},"categories":[539,603],"tags":[],"class_list":["post-47281","post","type-post","status-publish","format-standard","has-post-thumbnail","hentry","category-reseausatt","category-startup"],"acf":[],"yoast_head":"<!-- This site is optimized with the Yoast SEO plugin v27.4 - https:\/\/yoast.com\/product\/yoast-seo-wordpress\/ -->\n<title>SATT-UP ! L\u2019actualit\u00e9 des startup accompagn\u00e9es par les membres du R\u00e9seau SATT \u2013 Avril 2026 - R\u00e9seau SATT<\/title>\n<meta name=\"robots\" content=\"index, follow, max-snippet:-1, max-image-preview:large, max-video-preview:-1\" \/>\n<link rel=\"canonical\" href=\"https:\/\/www.satt.fr\/satt-up-avril-2026\/\" \/>\n<meta name=\"twitter:label1\" content=\"Written by\" \/>\n\t<meta name=\"twitter:data1\" content=\"admin\" \/>\n\t<meta name=\"twitter:label2\" content=\"Est. reading time\" \/>\n\t<meta name=\"twitter:data2\" content=\"8 minutes\" \/>\n<script type=\"application\/ld+json\" class=\"yoast-schema-graph\">{\"@context\":\"https:\\\/\\\/schema.org\",\"@graph\":[{\"@type\":\"Article\",\"@id\":\"https:\\\/\\\/www.satt.fr\\\/satt-up-avril-2026\\\/#article\",\"isPartOf\":{\"@id\":\"https:\\\/\\\/www.satt.fr\\\/satt-up-avril-2026\\\/\"},\"author\":{\"name\":\"admin\",\"@id\":\"https:\\\/\\\/www.satt.fr\\\/en\\\/#\\\/schema\\\/person\\\/6f20a7d0bc03146f6e34a9f08d941fec\"},\"headline\":\"SATT-UP ! L\u2019actualit\u00e9 des startup accompagn\u00e9es par les membres du R\u00e9seau SATT \u2013 Avril 2026\",\"datePublished\":\"2026-04-29T11:33:58+00:00\",\"dateModified\":\"2026-04-29T11:39:10+00:00\",\"mainEntityOfPage\":{\"@id\":\"https:\\\/\\\/www.satt.fr\\\/satt-up-avril-2026\\\/\"},\"wordCount\":1348,\"image\":{\"@id\":\"https:\\\/\\\/www.satt.fr\\\/satt-up-avril-2026\\\/#primaryimage\"},\"thumbnailUrl\":\"https:\\\/\\\/www.satt.fr\\\/wp-content\\\/uploads\\\/2022\\\/03\\\/SATTUP.png\",\"articleSection\":[\"R\u00e9seau SATT\",\"Startup\"],\"inLanguage\":\"en-US\"},{\"@type\":\"WebPage\",\"@id\":\"https:\\\/\\\/www.satt.fr\\\/satt-up-avril-2026\\\/\",\"url\":\"https:\\\/\\\/www.satt.fr\\\/satt-up-avril-2026\\\/\",\"name\":\"SATT-UP ! L\u2019actualit\u00e9 des startup accompagn\u00e9es par les membres du R\u00e9seau SATT \u2013 Avril 2026 - R\u00e9seau SATT\",\"isPartOf\":{\"@id\":\"https:\\\/\\\/www.satt.fr\\\/en\\\/#website\"},\"primaryImageOfPage\":{\"@id\":\"https:\\\/\\\/www.satt.fr\\\/satt-up-avril-2026\\\/#primaryimage\"},\"image\":{\"@id\":\"https:\\\/\\\/www.satt.fr\\\/satt-up-avril-2026\\\/#primaryimage\"},\"thumbnailUrl\":\"https:\\\/\\\/www.satt.fr\\\/wp-content\\\/uploads\\\/2022\\\/03\\\/SATTUP.png\",\"datePublished\":\"2026-04-29T11:33:58+00:00\",\"dateModified\":\"2026-04-29T11:39:10+00:00\",\"author\":{\"@id\":\"https:\\\/\\\/www.satt.fr\\\/en\\\/#\\\/schema\\\/person\\\/6f20a7d0bc03146f6e34a9f08d941fec\"},\"breadcrumb\":{\"@id\":\"https:\\\/\\\/www.satt.fr\\\/satt-up-avril-2026\\\/#breadcrumb\"},\"inLanguage\":\"en-US\",\"potentialAction\":[{\"@type\":\"ReadAction\",\"target\":[\"https:\\\/\\\/www.satt.fr\\\/satt-up-avril-2026\\\/\"]}]},{\"@type\":\"ImageObject\",\"inLanguage\":\"en-US\",\"@id\":\"https:\\\/\\\/www.satt.fr\\\/satt-up-avril-2026\\\/#primaryimage\",\"url\":\"https:\\\/\\\/www.satt.fr\\\/wp-content\\\/uploads\\\/2022\\\/03\\\/SATTUP.png\",\"contentUrl\":\"https:\\\/\\\/www.satt.fr\\\/wp-content\\\/uploads\\\/2022\\\/03\\\/SATTUP.png\",\"width\":3200,\"height\":1785},{\"@type\":\"BreadcrumbList\",\"@id\":\"https:\\\/\\\/www.satt.fr\\\/satt-up-avril-2026\\\/#breadcrumb\",\"itemListElement\":[{\"@type\":\"ListItem\",\"position\":1,\"name\":\"Accueil\",\"item\":\"https:\\\/\\\/www.satt.fr\\\/en\\\/\"},{\"@type\":\"ListItem\",\"position\":2,\"name\":\"SATT-UP ! L\u2019actualit\u00e9 des startup accompagn\u00e9es par les membres du R\u00e9seau SATT \u2013 Avril 2026\"}]},{\"@type\":\"WebSite\",\"@id\":\"https:\\\/\\\/www.satt.fr\\\/en\\\/#website\",\"url\":\"https:\\\/\\\/www.satt.fr\\\/en\\\/\",\"name\":\"R\u00e9seau SATT\",\"description\":\"Les Soci\u00e9t\u00e9s d&#039;Acc\u00e9l\u00e9ration du Transfert de Technologies\",\"potentialAction\":[{\"@type\":\"SearchAction\",\"target\":{\"@type\":\"EntryPoint\",\"urlTemplate\":\"https:\\\/\\\/www.satt.fr\\\/en\\\/?s={search_term_string}\"},\"query-input\":{\"@type\":\"PropertyValueSpecification\",\"valueRequired\":true,\"valueName\":\"search_term_string\"}}],\"inLanguage\":\"en-US\"},{\"@type\":\"Person\",\"@id\":\"https:\\\/\\\/www.satt.fr\\\/en\\\/#\\\/schema\\\/person\\\/6f20a7d0bc03146f6e34a9f08d941fec\",\"name\":\"admin\",\"url\":\"https:\\\/\\\/www.satt.fr\\\/en\\\/author\\\/admin\\\/\"}]}<\/script>\n<!-- \/ Yoast SEO plugin. -->","yoast_head_json":{"title":"SATT-UP ! L\u2019actualit\u00e9 des startup accompagn\u00e9es par les membres du R\u00e9seau SATT \u2013 Avril 2026 - R\u00e9seau SATT","robots":{"index":"index","follow":"follow","max-snippet":"max-snippet:-1","max-image-preview":"max-image-preview:large","max-video-preview":"max-video-preview:-1"},"canonical":"https:\/\/www.satt.fr\/satt-up-avril-2026\/","twitter_misc":{"Written by":"admin","Est. reading time":"8 minutes"},"schema":{"@context":"https:\/\/schema.org","@graph":[{"@type":"Article","@id":"https:\/\/www.satt.fr\/satt-up-avril-2026\/#article","isPartOf":{"@id":"https:\/\/www.satt.fr\/satt-up-avril-2026\/"},"author":{"name":"admin","@id":"https:\/\/www.satt.fr\/en\/#\/schema\/person\/6f20a7d0bc03146f6e34a9f08d941fec"},"headline":"SATT-UP ! L\u2019actualit\u00e9 des startup accompagn\u00e9es par les membres du R\u00e9seau SATT \u2013 Avril 2026","datePublished":"2026-04-29T11:33:58+00:00","dateModified":"2026-04-29T11:39:10+00:00","mainEntityOfPage":{"@id":"https:\/\/www.satt.fr\/satt-up-avril-2026\/"},"wordCount":1348,"image":{"@id":"https:\/\/www.satt.fr\/satt-up-avril-2026\/#primaryimage"},"thumbnailUrl":"https:\/\/www.satt.fr\/wp-content\/uploads\/2022\/03\/SATTUP.png","articleSection":["R\u00e9seau SATT","Startup"],"inLanguage":"en-US"},{"@type":"WebPage","@id":"https:\/\/www.satt.fr\/satt-up-avril-2026\/","url":"https:\/\/www.satt.fr\/satt-up-avril-2026\/","name":"SATT-UP ! L\u2019actualit\u00e9 des startup accompagn\u00e9es par les membres du R\u00e9seau SATT \u2013 Avril 2026 - R\u00e9seau SATT","isPartOf":{"@id":"https:\/\/www.satt.fr\/en\/#website"},"primaryImageOfPage":{"@id":"https:\/\/www.satt.fr\/satt-up-avril-2026\/#primaryimage"},"image":{"@id":"https:\/\/www.satt.fr\/satt-up-avril-2026\/#primaryimage"},"thumbnailUrl":"https:\/\/www.satt.fr\/wp-content\/uploads\/2022\/03\/SATTUP.png","datePublished":"2026-04-29T11:33:58+00:00","dateModified":"2026-04-29T11:39:10+00:00","author":{"@id":"https:\/\/www.satt.fr\/en\/#\/schema\/person\/6f20a7d0bc03146f6e34a9f08d941fec"},"breadcrumb":{"@id":"https:\/\/www.satt.fr\/satt-up-avril-2026\/#breadcrumb"},"inLanguage":"en-US","potentialAction":[{"@type":"ReadAction","target":["https:\/\/www.satt.fr\/satt-up-avril-2026\/"]}]},{"@type":"ImageObject","inLanguage":"en-US","@id":"https:\/\/www.satt.fr\/satt-up-avril-2026\/#primaryimage","url":"https:\/\/www.satt.fr\/wp-content\/uploads\/2022\/03\/SATTUP.png","contentUrl":"https:\/\/www.satt.fr\/wp-content\/uploads\/2022\/03\/SATTUP.png","width":3200,"height":1785},{"@type":"BreadcrumbList","@id":"https:\/\/www.satt.fr\/satt-up-avril-2026\/#breadcrumb","itemListElement":[{"@type":"ListItem","position":1,"name":"Accueil","item":"https:\/\/www.satt.fr\/en\/"},{"@type":"ListItem","position":2,"name":"SATT-UP ! L\u2019actualit\u00e9 des startup accompagn\u00e9es par les membres du R\u00e9seau SATT \u2013 Avril 2026"}]},{"@type":"WebSite","@id":"https:\/\/www.satt.fr\/en\/#website","url":"https:\/\/www.satt.fr\/en\/","name":"R\u00e9seau SATT","description":"Les Soci\u00e9t\u00e9s d&#039;Acc\u00e9l\u00e9ration du Transfert de Technologies","potentialAction":[{"@type":"SearchAction","target":{"@type":"EntryPoint","urlTemplate":"https:\/\/www.satt.fr\/en\/?s={search_term_string}"},"query-input":{"@type":"PropertyValueSpecification","valueRequired":true,"valueName":"search_term_string"}}],"inLanguage":"en-US"},{"@type":"Person","@id":"https:\/\/www.satt.fr\/en\/#\/schema\/person\/6f20a7d0bc03146f6e34a9f08d941fec","name":"admin","url":"https:\/\/www.satt.fr\/en\/author\/admin\/"}]}},"_links":{"self":[{"href":"https:\/\/www.satt.fr\/en\/wp-json\/wp\/v2\/posts\/47281","targetHints":{"allow":["GET"]}}],"collection":[{"href":"https:\/\/www.satt.fr\/en\/wp-json\/wp\/v2\/posts"}],"about":[{"href":"https:\/\/www.satt.fr\/en\/wp-json\/wp\/v2\/types\/post"}],"author":[{"embeddable":true,"href":"https:\/\/www.satt.fr\/en\/wp-json\/wp\/v2\/users\/2"}],"replies":[{"embeddable":true,"href":"https:\/\/www.satt.fr\/en\/wp-json\/wp\/v2\/comments?post=47281"}],"version-history":[{"count":2,"href":"https:\/\/www.satt.fr\/en\/wp-json\/wp\/v2\/posts\/47281\/revisions"}],"predecessor-version":[{"id":47325,"href":"https:\/\/www.satt.fr\/en\/wp-json\/wp\/v2\/posts\/47281\/revisions\/47325"}],"wp:featuredmedia":[{"embeddable":true,"href":"https:\/\/www.satt.fr\/en\/wp-json\/wp\/v2\/media\/30125"}],"wp:attachment":[{"href":"https:\/\/www.satt.fr\/en\/wp-json\/wp\/v2\/media?parent=47281"}],"wp:term":[{"taxonomy":"category","embeddable":true,"href":"https:\/\/www.satt.fr\/en\/wp-json\/wp\/v2\/categories?post=47281"},{"taxonomy":"post_tag","embeddable":true,"href":"https:\/\/www.satt.fr\/en\/wp-json\/wp\/v2\/tags?post=47281"}],"curies":[{"name":"wp","href":"https:\/\/api.w.org\/{rel}","templated":true}]}}