{"id":678,"date":"2014-02-13T17:22:59","date_gmt":"2014-02-13T16:22:59","guid":{"rendered":"http:\/\/www.satt.fr\/?p=678"},"modified":"2017-11-13T16:52:38","modified_gmt":"2017-11-13T15:52:38","slug":"20214-linnovation-en-corse-comment-et-avec-qui","status":"publish","type":"post","link":"https:\/\/www.satt.fr\/en\/20214-linnovation-en-corse-comment-et-avec-qui\/","title":{"rendered":"20\/2\/14 &#8211; L\u2019innovation en Corse : comment et avec qui ?"},"content":{"rendered":"<p><!--:fr--><strong>Save the date &#8211; le 20 f\u00e9vrier 2014 \u00e0 Bastia, d\u00e9couvrez les dispositifs et outils d\u2019aide \u00e0 l\u2019innovation et rencontrez les sp\u00e9cialistes de l\u2019innovation en rendez-vous B2B individuels<\/strong><\/p>\n<p><strong>La journ\u00e9e d\u00e9di\u00e9e \u00e0 l\u2019innovation se tiendra de 10h \u00e0 16h30 en salle des d\u00e9lib\u00e9rations CCIT 2B, Bastia<\/strong><\/p>\n<p>L\u2019incubateur de Corse INIZI\u00c0, avec le soutien de l\u2019Agence de D\u00e9veloppement Economique de Corse (ADEC), de la Chambre de Commerce et d\u2019Industrie Territoriale de Bastia et de la Haute-Corse et l\u2019Union Europ\u00e9enne, vous propose une journ\u00e9e d\u00e9di\u00e9e \u00e0 l\u2019innovation. Une opportunit\u00e9 pour rencontrer la SATT PACA Corse, \u00ab l\u2019Acc\u00e9l\u00e9rateur du Transfert de Technologies \u00bb, qui d\u00e9veloppe la comp\u00e9titivit\u00e9 des entreprises par l\u2019innovation issue de la recherche publique des R\u00e9gions PACA et Corse.<\/p>\n<p><a title=\"Actualit\u00e9s SATT Sud Est\" href=\"https:\/\/www.sattse.com\/2014\/02\/save-the-date-linnovation-en-corse-comment-et-avec-qui\/\">D\u00e9couvrez l&#8217;article sur le site de la SATT Sud Est<\/a><!--:--><\/p>\n","protected":false},"excerpt":{"rendered":"<p>Save the date &#8211; le 20 f\u00e9vrier 2014 \u00e0 Bastia, d\u00e9couvrez les dispositifs et outils d\u2019aide \u00e0 l\u2019innovation et rencontrez les sp\u00e9cialistes de l\u2019innovation en rendez-vous B2B individuels La journ\u00e9e d\u00e9di\u00e9e \u00e0 l\u2019innovation se tiendra de 10h \u00e0 16h30 en salle des d\u00e9lib\u00e9rations CCIT 2B, Bastia L\u2019incubateur de Corse INIZI\u00c0, avec le soutien de l\u2019Agence [&hellip;]<\/p>\n","protected":false},"author":4,"featured_media":0,"comment_status":"closed","ping_status":"open","sticky":false,"template":"","format":"standard","meta":{"_acf_changed":false,"footnotes":""},"categories":[536],"tags":[29,31,46,101,102,103,104,105],"class_list":["post-678","post","type-post","status-publish","format-standard","hentry","category-actualite","tag-satt-sud-est","tag-transfert-de-technologies","tag-evenement","tag-adec","tag-bastia","tag-corse","tag-incubateur-de-corse","tag-incubateur-inizia"],"acf":[],"yoast_head":"<!-- This site is optimized with the Yoast SEO plugin v27.4 - https:\/\/yoast.com\/product\/yoast-seo-wordpress\/ -->\n<title>20\/2\/14 - L\u2019innovation en Corse : comment et avec qui ? - R\u00e9seau SATT<\/title>\n<meta name=\"robots\" content=\"index, follow, max-snippet:-1, max-image-preview:large, max-video-preview:-1\" \/>\n<link rel=\"canonical\" href=\"https:\/\/www.satt.fr\/20214-linnovation-en-corse-comment-et-avec-qui\/\" \/>\n<meta name=\"twitter:label1\" content=\"Written by\" \/>\n\t<meta name=\"twitter:data1\" content=\"redacteur SATT\" \/>\n\t<meta name=\"twitter:label2\" content=\"Est. reading time\" \/>\n\t<meta name=\"twitter:data2\" content=\"1 minute\" \/>\n<script type=\"application\/ld+json\" class=\"yoast-schema-graph\">{\"@context\":\"https:\\\/\\\/schema.org\",\"@graph\":[{\"@type\":\"Article\",\"@id\":\"https:\\\/\\\/www.satt.fr\\\/20214-linnovation-en-corse-comment-et-avec-qui\\\/#article\",\"isPartOf\":{\"@id\":\"https:\\\/\\\/www.satt.fr\\\/20214-linnovation-en-corse-comment-et-avec-qui\\\/\"},\"author\":{\"name\":\"redacteur SATT\",\"@id\":\"https:\\\/\\\/www.satt.fr\\\/en\\\/#\\\/schema\\\/person\\\/a6836c00a1284a8188e1a05deb2a5e5c\"},\"headline\":\"20\\\/2\\\/14 &#8211; L\u2019innovation en Corse : comment et avec qui ?\",\"datePublished\":\"2014-02-13T16:22:59+00:00\",\"dateModified\":\"2017-11-13T15:52:38+00:00\",\"mainEntityOfPage\":{\"@id\":\"https:\\\/\\\/www.satt.fr\\\/20214-linnovation-en-corse-comment-et-avec-qui\\\/\"},\"wordCount\":160,\"keywords\":[\"SATT Sud Est\",\"transfert de technologies\",\"\u00e9v\u00e9nement\",\"adec\",\"bastia\",\"corse\",\"incubateur de corse\",\"incubateur inizi\u00e0\"],\"articleSection\":[\"Actualit\u00e9\"],\"inLanguage\":\"en-US\"},{\"@type\":\"WebPage\",\"@id\":\"https:\\\/\\\/www.satt.fr\\\/20214-linnovation-en-corse-comment-et-avec-qui\\\/\",\"url\":\"https:\\\/\\\/www.satt.fr\\\/20214-linnovation-en-corse-comment-et-avec-qui\\\/\",\"name\":\"20\\\/2\\\/14 - L\u2019innovation en Corse : comment et avec qui ? - R\u00e9seau SATT\",\"isPartOf\":{\"@id\":\"https:\\\/\\\/www.satt.fr\\\/en\\\/#website\"},\"datePublished\":\"2014-02-13T16:22:59+00:00\",\"dateModified\":\"2017-11-13T15:52:38+00:00\",\"author\":{\"@id\":\"https:\\\/\\\/www.satt.fr\\\/en\\\/#\\\/schema\\\/person\\\/a6836c00a1284a8188e1a05deb2a5e5c\"},\"breadcrumb\":{\"@id\":\"https:\\\/\\\/www.satt.fr\\\/20214-linnovation-en-corse-comment-et-avec-qui\\\/#breadcrumb\"},\"inLanguage\":\"en-US\",\"potentialAction\":[{\"@type\":\"ReadAction\",\"target\":[\"https:\\\/\\\/www.satt.fr\\\/20214-linnovation-en-corse-comment-et-avec-qui\\\/\"]}]},{\"@type\":\"BreadcrumbList\",\"@id\":\"https:\\\/\\\/www.satt.fr\\\/20214-linnovation-en-corse-comment-et-avec-qui\\\/#breadcrumb\",\"itemListElement\":[{\"@type\":\"ListItem\",\"position\":1,\"name\":\"Accueil\",\"item\":\"https:\\\/\\\/www.satt.fr\\\/en\\\/\"},{\"@type\":\"ListItem\",\"position\":2,\"name\":\"20\\\/2\\\/14 &#8211; L\u2019innovation en Corse : comment et avec qui ?\"}]},{\"@type\":\"WebSite\",\"@id\":\"https:\\\/\\\/www.satt.fr\\\/en\\\/#website\",\"url\":\"https:\\\/\\\/www.satt.fr\\\/en\\\/\",\"name\":\"R\u00e9seau SATT\",\"description\":\"Les Soci\u00e9t\u00e9s d&#039;Acc\u00e9l\u00e9ration du Transfert de Technologies\",\"potentialAction\":[{\"@type\":\"SearchAction\",\"target\":{\"@type\":\"EntryPoint\",\"urlTemplate\":\"https:\\\/\\\/www.satt.fr\\\/en\\\/?s={search_term_string}\"},\"query-input\":{\"@type\":\"PropertyValueSpecification\",\"valueRequired\":true,\"valueName\":\"search_term_string\"}}],\"inLanguage\":\"en-US\"},{\"@type\":\"Person\",\"@id\":\"https:\\\/\\\/www.satt.fr\\\/en\\\/#\\\/schema\\\/person\\\/a6836c00a1284a8188e1a05deb2a5e5c\",\"name\":\"redacteur SATT\",\"url\":\"https:\\\/\\\/www.satt.fr\\\/en\\\/author\\\/redacteur\\\/\"}]}<\/script>\n<!-- \/ Yoast SEO plugin. -->","yoast_head_json":{"title":"20\/2\/14 - L\u2019innovation en Corse : comment et avec qui ? - R\u00e9seau SATT","robots":{"index":"index","follow":"follow","max-snippet":"max-snippet:-1","max-image-preview":"max-image-preview:large","max-video-preview":"max-video-preview:-1"},"canonical":"https:\/\/www.satt.fr\/20214-linnovation-en-corse-comment-et-avec-qui\/","twitter_misc":{"Written by":"redacteur SATT","Est. reading time":"1 minute"},"schema":{"@context":"https:\/\/schema.org","@graph":[{"@type":"Article","@id":"https:\/\/www.satt.fr\/20214-linnovation-en-corse-comment-et-avec-qui\/#article","isPartOf":{"@id":"https:\/\/www.satt.fr\/20214-linnovation-en-corse-comment-et-avec-qui\/"},"author":{"name":"redacteur SATT","@id":"https:\/\/www.satt.fr\/en\/#\/schema\/person\/a6836c00a1284a8188e1a05deb2a5e5c"},"headline":"20\/2\/14 &#8211; L\u2019innovation en Corse : comment et avec qui ?","datePublished":"2014-02-13T16:22:59+00:00","dateModified":"2017-11-13T15:52:38+00:00","mainEntityOfPage":{"@id":"https:\/\/www.satt.fr\/20214-linnovation-en-corse-comment-et-avec-qui\/"},"wordCount":160,"keywords":["SATT Sud Est","transfert de technologies","\u00e9v\u00e9nement","adec","bastia","corse","incubateur de corse","incubateur inizi\u00e0"],"articleSection":["Actualit\u00e9"],"inLanguage":"en-US"},{"@type":"WebPage","@id":"https:\/\/www.satt.fr\/20214-linnovation-en-corse-comment-et-avec-qui\/","url":"https:\/\/www.satt.fr\/20214-linnovation-en-corse-comment-et-avec-qui\/","name":"20\/2\/14 - L\u2019innovation en Corse : comment et avec qui ? - R\u00e9seau SATT","isPartOf":{"@id":"https:\/\/www.satt.fr\/en\/#website"},"datePublished":"2014-02-13T16:22:59+00:00","dateModified":"2017-11-13T15:52:38+00:00","author":{"@id":"https:\/\/www.satt.fr\/en\/#\/schema\/person\/a6836c00a1284a8188e1a05deb2a5e5c"},"breadcrumb":{"@id":"https:\/\/www.satt.fr\/20214-linnovation-en-corse-comment-et-avec-qui\/#breadcrumb"},"inLanguage":"en-US","potentialAction":[{"@type":"ReadAction","target":["https:\/\/www.satt.fr\/20214-linnovation-en-corse-comment-et-avec-qui\/"]}]},{"@type":"BreadcrumbList","@id":"https:\/\/www.satt.fr\/20214-linnovation-en-corse-comment-et-avec-qui\/#breadcrumb","itemListElement":[{"@type":"ListItem","position":1,"name":"Accueil","item":"https:\/\/www.satt.fr\/en\/"},{"@type":"ListItem","position":2,"name":"20\/2\/14 &#8211; L\u2019innovation en Corse : comment et avec qui ?"}]},{"@type":"WebSite","@id":"https:\/\/www.satt.fr\/en\/#website","url":"https:\/\/www.satt.fr\/en\/","name":"R\u00e9seau SATT","description":"Les Soci\u00e9t\u00e9s d&#039;Acc\u00e9l\u00e9ration du Transfert de Technologies","potentialAction":[{"@type":"SearchAction","target":{"@type":"EntryPoint","urlTemplate":"https:\/\/www.satt.fr\/en\/?s={search_term_string}"},"query-input":{"@type":"PropertyValueSpecification","valueRequired":true,"valueName":"search_term_string"}}],"inLanguage":"en-US"},{"@type":"Person","@id":"https:\/\/www.satt.fr\/en\/#\/schema\/person\/a6836c00a1284a8188e1a05deb2a5e5c","name":"redacteur SATT","url":"https:\/\/www.satt.fr\/en\/author\/redacteur\/"}]}},"_links":{"self":[{"href":"https:\/\/www.satt.fr\/en\/wp-json\/wp\/v2\/posts\/678","targetHints":{"allow":["GET"]}}],"collection":[{"href":"https:\/\/www.satt.fr\/en\/wp-json\/wp\/v2\/posts"}],"about":[{"href":"https:\/\/www.satt.fr\/en\/wp-json\/wp\/v2\/types\/post"}],"author":[{"embeddable":true,"href":"https:\/\/www.satt.fr\/en\/wp-json\/wp\/v2\/users\/4"}],"replies":[{"embeddable":true,"href":"https:\/\/www.satt.fr\/en\/wp-json\/wp\/v2\/comments?post=678"}],"version-history":[{"count":1,"href":"https:\/\/www.satt.fr\/en\/wp-json\/wp\/v2\/posts\/678\/revisions"}],"predecessor-version":[{"id":4921,"href":"https:\/\/www.satt.fr\/en\/wp-json\/wp\/v2\/posts\/678\/revisions\/4921"}],"wp:attachment":[{"href":"https:\/\/www.satt.fr\/en\/wp-json\/wp\/v2\/media?parent=678"}],"wp:term":[{"taxonomy":"category","embeddable":true,"href":"https:\/\/www.satt.fr\/en\/wp-json\/wp\/v2\/categories?post=678"},{"taxonomy":"post_tag","embeddable":true,"href":"https:\/\/www.satt.fr\/en\/wp-json\/wp\/v2\/tags?post=678"}],"curies":[{"name":"wp","href":"https:\/\/api.w.org\/{rel}","templated":true}]}}