{"id":7227,"date":"2017-09-29T15:20:13","date_gmt":"2017-09-29T13:20:13","guid":{"rendered":"http:\/\/www.satt.fr\/communiques-satt-septembre2017\/"},"modified":"2017-12-12T17:33:02","modified_gmt":"2017-12-12T16:33:02","slug":"communiques-satt-septembre2017","status":"publish","type":"post","link":"https:\/\/www.satt.fr\/en\/communiques-satt-septembre2017\/","title":{"rendered":"Les communiqu\u00e9s de presse SATT &#8211; septembre 2017"},"content":{"rendered":"<p style=\"text-align: justify;\"><strong>Retrouvez les\u00a0communiqu\u00e9s\u00a0 de presse des SATT pour le mois de Septembre 2017 : Transferts, partenariats, lev\u00e9es de fonds, cr\u00e9ations de start-up&#8230;<\/strong><\/p>\n<p><!--more--><\/p>\n<p>&nbsp;<\/p>\n<p><span style=\"text-decoration: underline; color: #c9004a;\"><strong>LE R\u00c9SEAU SATT<\/strong><\/span><\/p>\n<p>Le Cetim et les SATT s\u2019allient pour acc\u00e9l\u00e9rer les transferts d\u2019innovations\u00a0<span style=\"color: #3366ff;\"><a style=\"color: #3366ff;\" href=\"https:\/\/www.satt.fr\/wp-content\/uploads\/2017\/09\/SATT_CETIM_170920_Communique_VF1.pdf\">T\u00e9l\u00e9charger<\/a><\/span><\/p>\n<p>&nbsp;<\/p>\n<p><span style=\"text-decoration: underline; color: #c9004a;\"><strong>LES SATT<\/strong><\/span><\/p>\n<p><strong><span style=\"color: #808080;\">Aquitaine Science Transfert, SATT Sud-Est, Conectus Alsace,\u00a0Toulouse Tech Transfer, Ouest Valorisation\u00a0:<\/span><\/strong><\/p>\n<p>Domain Therapeutics : Un partenariat innovant au service de la sant\u00e9\u00a0<span style=\"color: #3366ff;\"><a style=\"color: #3366ff;\" href=\"https:\/\/www.satt.fr\/wp-content\/uploads\/2017\/09\/DP_DOMAIN_SATT.pdf\">T\u00e9l\u00e9charger<\/a><\/span><\/p>\n<p>&nbsp;<\/p>\n<p><strong><span style=\"color: #808080;\">Aquitaine Science Transfert\u00a0:<\/span><\/strong><\/p>\n<p>La start-up NETA signe une licence exclusive avec Aquitaine Science Transfert pour commercialiser un syst\u00e8me de caract\u00e9risation de la mati\u00e8re \u00e0 l\u2019\u00e9chelle nanom\u00e9trique\u00a0<span style=\"color: #3366ff;\"><a style=\"color: #3366ff;\" href=\"https:\/\/www.satt.fr\/wp-content\/uploads\/2017\/09\/CP_AST_20170921_Licence_NETA.pdf\">T\u00e9l\u00e9charger<\/a><\/span><\/p>\n<p>&nbsp;<\/p>\n<p><strong><span style=\"color: #808080;\">Conectus Alsace\u00a0:<\/span><\/strong><\/p>\n<p>Alms Therapeutics, issue d\u2019un projet matur\u00e9 par Conectus Alsace, l\u00e8ve 15M\u20ac aupr\u00e8s de MorningSide et de Cap Innov\u2019Est\u00a0<span style=\"color: #3366ff;\"><a style=\"color: #3366ff;\" href=\"https:\/\/www.satt.fr\/wp-content\/uploads\/2017\/09\/CP-Alms-Sept-2017-FR.pdf\">T\u00e9l\u00e9charger<\/a><\/span><\/p>\n<p>&nbsp;<\/p>\n<p><strong><span style=\"color: #808080;\">Pulsalys\u00a0:<\/span><\/strong><\/p>\n<p>ABLATOM : La technologie qui d\u00e9shabille la mati\u00e8re\u00a0<span style=\"color: #3366ff;\"><a style=\"color: #3366ff;\" href=\"https:\/\/www.satt.fr\/wp-content\/uploads\/2017\/09\/CP_-ABLATOM_PULSALYS_VFinale.pdf\">T\u00e9l\u00e9charger<\/a><\/span><\/p>\n<p>Success-story ANAQUANT : le Nespresso\u00ae de la bionalyse\u00a0<span style=\"color: #3366ff;\"><a style=\"color: #3366ff;\" href=\"https:\/\/www.satt.fr\/wp-content\/uploads\/2017\/09\/Success-Story_Anaquant_PULSALYS.pdf\">T\u00e9l\u00e9charger<\/a><\/span><\/p>\n<p>&nbsp;<\/p>\n<p><strong><span style=\"color: #808080;\">SATT Lutech\u00a0:<\/span><\/strong><\/p>\n<p>La start-up BASECAMP VASCULAR finaliste du 9e prix Innovation Prize\u00a0<\/p>\n<p>&nbsp;<\/p>\n<p><strong><span style=\"color: #808080;\">SATT Paris-Saclay\u00a0:<\/span><\/strong><\/p>\n<p>Le projet P-TRONICS : une plateforme d\u2019impression 3D m\u00e9catronique\u00a0<span style=\"color: #3366ff;\"><a style=\"color: #3366ff;\" href=\"https:\/\/www.satt.fr\/wp-content\/uploads\/2017\/09\/CP_PTRONICS_SATT-Paris-Saclay-VF.pdf\">T\u00e9l\u00e9charger<\/a><\/span><\/p>\n<p>CentraleSup\u00e9lec et la SATT Paris-Saclay : Signature d\u2019une convention de maturation dans le cadre du projet TheraPanacea\u00a0<span style=\"color: #3366ff;\"><a style=\"color: #3366ff;\" href=\"https:\/\/www.satt.fr\/wp-content\/uploads\/2017\/09\/CP_Therapanacea-CentraleSupelec_SATT-Paris-Saclay-CP.pdf\">T\u00e9l\u00e9charger<\/a><\/span><\/p>\n<p>&nbsp;<\/p>\n<p><strong><span style=\"color: #808080;\">SATT Sud-Est :<\/span><\/strong><\/p>\n<p>TechnoFounders et la SATT Sud-Est inaugurent un nouveau mod\u00e8le de cr\u00e9ation de start-ups issues de la recherche publique fran\u00e7aise\u00a0<span style=\"color: #3366ff;\"><a style=\"color: #3366ff;\" href=\"https:\/\/www.satt.fr\/wp-content\/uploads\/2017\/09\/2017.09.12-Communique-de-presse-lancement-UV-Boosting.pdf\">T\u00e9l\u00e9charger<\/a><\/span><\/p>\n<p>&nbsp;<\/p>\n<p><strong><span style=\"color: #808080;\">Toulouse Tech Transfer : <\/span><\/strong><\/p>\n<p>La soci\u00e9t\u00e9 Power Design Technologies l\u00e8ve 600 000 euros aupr\u00e8s des fonds d\u2019amor\u00e7age IT-Translation et IRDInov\u00a0<span style=\"color: #3366ff;\"><a style=\"color: #3366ff;\" href=\"https:\/\/www.satt.fr\/wp-content\/uploads\/2017\/09\/COMMUNIQUE-DE-PRESSE-TTT-pour-lev\u00e9e-de-fonds-Power-Design-Technologies.pdf\">T\u00e9l\u00e9charger<\/a><\/span><\/p>\n","protected":false},"excerpt":{"rendered":"<p>Retrouvez les\u00a0communiqu\u00e9s\u00a0 de presse des SATT pour le mois de Septembre 2017 : Transferts, partenariats, lev\u00e9es de fonds, cr\u00e9ations de start-up&#8230;<\/p>\n","protected":false},"author":1,"featured_media":6592,"comment_status":"closed","ping_status":"closed","sticky":false,"template":"","format":"standard","meta":{"_acf_changed":false,"footnotes":""},"categories":[568],"tags":[],"class_list":["post-7227","post","type-post","status-publish","format-standard","has-post-thumbnail","hentry","category-successstories-en"],"acf":[],"yoast_head":"<!-- This site is optimized with the Yoast SEO plugin v27.4 - https:\/\/yoast.com\/product\/yoast-seo-wordpress\/ -->\n<title>Les communiqu\u00e9s de presse SATT - septembre 2017 - R\u00e9seau SATT<\/title>\n<meta name=\"robots\" content=\"index, follow, max-snippet:-1, max-image-preview:large, max-video-preview:-1\" \/>\n<link rel=\"canonical\" href=\"https:\/\/www.satt.fr\/en\/communiques-satt-septembre2017\/\" \/>\n<meta name=\"twitter:label1\" content=\"Written by\" \/>\n\t<meta name=\"twitter:data1\" content=\"@manager@\" \/>\n\t<meta name=\"twitter:label2\" content=\"Est. reading time\" \/>\n\t<meta name=\"twitter:data2\" content=\"1 minute\" \/>\n<script type=\"application\/ld+json\" class=\"yoast-schema-graph\">{\"@context\":\"https:\\\/\\\/schema.org\",\"@graph\":[{\"@type\":\"Article\",\"@id\":\"https:\\\/\\\/www.satt.fr\\\/en\\\/communiques-satt-septembre2017\\\/#article\",\"isPartOf\":{\"@id\":\"https:\\\/\\\/www.satt.fr\\\/en\\\/communiques-satt-septembre2017\\\/\"},\"author\":{\"name\":\"@manager@\",\"@id\":\"https:\\\/\\\/www.satt.fr\\\/en\\\/#\\\/schema\\\/person\\\/58a0cf963c955da360b43eeeb4274168\"},\"headline\":\"Les communiqu\u00e9s de presse SATT &#8211; septembre 2017\",\"datePublished\":\"2017-09-29T13:20:13+00:00\",\"dateModified\":\"2017-12-12T16:33:02+00:00\",\"mainEntityOfPage\":{\"@id\":\"https:\\\/\\\/www.satt.fr\\\/en\\\/communiques-satt-septembre2017\\\/\"},\"wordCount\":272,\"image\":{\"@id\":\"https:\\\/\\\/www.satt.fr\\\/en\\\/communiques-satt-septembre2017\\\/#primaryimage\"},\"thumbnailUrl\":\"https:\\\/\\\/www.satt.fr\\\/wp-content\\\/uploads\\\/2017\\\/11\\\/CP-SATT_modifie-1.jpg\",\"articleSection\":[\"Success Stories\"],\"inLanguage\":\"en-US\"},{\"@type\":\"WebPage\",\"@id\":\"https:\\\/\\\/www.satt.fr\\\/en\\\/communiques-satt-septembre2017\\\/\",\"url\":\"https:\\\/\\\/www.satt.fr\\\/en\\\/communiques-satt-septembre2017\\\/\",\"name\":\"Les communiqu\u00e9s de presse SATT - septembre 2017 - R\u00e9seau SATT\",\"isPartOf\":{\"@id\":\"https:\\\/\\\/www.satt.fr\\\/en\\\/#website\"},\"primaryImageOfPage\":{\"@id\":\"https:\\\/\\\/www.satt.fr\\\/en\\\/communiques-satt-septembre2017\\\/#primaryimage\"},\"image\":{\"@id\":\"https:\\\/\\\/www.satt.fr\\\/en\\\/communiques-satt-septembre2017\\\/#primaryimage\"},\"thumbnailUrl\":\"https:\\\/\\\/www.satt.fr\\\/wp-content\\\/uploads\\\/2017\\\/11\\\/CP-SATT_modifie-1.jpg\",\"datePublished\":\"2017-09-29T13:20:13+00:00\",\"dateModified\":\"2017-12-12T16:33:02+00:00\",\"author\":{\"@id\":\"https:\\\/\\\/www.satt.fr\\\/en\\\/#\\\/schema\\\/person\\\/58a0cf963c955da360b43eeeb4274168\"},\"breadcrumb\":{\"@id\":\"https:\\\/\\\/www.satt.fr\\\/en\\\/communiques-satt-septembre2017\\\/#breadcrumb\"},\"inLanguage\":\"en-US\",\"potentialAction\":[{\"@type\":\"ReadAction\",\"target\":[\"https:\\\/\\\/www.satt.fr\\\/en\\\/communiques-satt-septembre2017\\\/\"]}]},{\"@type\":\"ImageObject\",\"inLanguage\":\"en-US\",\"@id\":\"https:\\\/\\\/www.satt.fr\\\/en\\\/communiques-satt-septembre2017\\\/#primaryimage\",\"url\":\"https:\\\/\\\/www.satt.fr\\\/wp-content\\\/uploads\\\/2017\\\/11\\\/CP-SATT_modifie-1.jpg\",\"contentUrl\":\"https:\\\/\\\/www.satt.fr\\\/wp-content\\\/uploads\\\/2017\\\/11\\\/CP-SATT_modifie-1.jpg\",\"width\":2048,\"height\":1142},{\"@type\":\"BreadcrumbList\",\"@id\":\"https:\\\/\\\/www.satt.fr\\\/en\\\/communiques-satt-septembre2017\\\/#breadcrumb\",\"itemListElement\":[{\"@type\":\"ListItem\",\"position\":1,\"name\":\"Accueil\",\"item\":\"https:\\\/\\\/www.satt.fr\\\/en\\\/\"},{\"@type\":\"ListItem\",\"position\":2,\"name\":\"Les communiqu\u00e9s de presse SATT &#8211; septembre 2017\"}]},{\"@type\":\"WebSite\",\"@id\":\"https:\\\/\\\/www.satt.fr\\\/en\\\/#website\",\"url\":\"https:\\\/\\\/www.satt.fr\\\/en\\\/\",\"name\":\"R\u00e9seau SATT\",\"description\":\"Les Soci\u00e9t\u00e9s d&#039;Acc\u00e9l\u00e9ration du Transfert de Technologies\",\"potentialAction\":[{\"@type\":\"SearchAction\",\"target\":{\"@type\":\"EntryPoint\",\"urlTemplate\":\"https:\\\/\\\/www.satt.fr\\\/en\\\/?s={search_term_string}\"},\"query-input\":{\"@type\":\"PropertyValueSpecification\",\"valueRequired\":true,\"valueName\":\"search_term_string\"}}],\"inLanguage\":\"en-US\"},{\"@type\":\"Person\",\"@id\":\"https:\\\/\\\/www.satt.fr\\\/en\\\/#\\\/schema\\\/person\\\/58a0cf963c955da360b43eeeb4274168\",\"name\":\"@manager@\",\"url\":\"https:\\\/\\\/www.satt.fr\\\/en\\\/author\\\/manager\\\/\"}]}<\/script>\n<!-- \/ Yoast SEO plugin. -->","yoast_head_json":{"title":"Les communiqu\u00e9s de presse SATT - septembre 2017 - R\u00e9seau SATT","robots":{"index":"index","follow":"follow","max-snippet":"max-snippet:-1","max-image-preview":"max-image-preview:large","max-video-preview":"max-video-preview:-1"},"canonical":"https:\/\/www.satt.fr\/en\/communiques-satt-septembre2017\/","twitter_misc":{"Written by":"@manager@","Est. reading time":"1 minute"},"schema":{"@context":"https:\/\/schema.org","@graph":[{"@type":"Article","@id":"https:\/\/www.satt.fr\/en\/communiques-satt-septembre2017\/#article","isPartOf":{"@id":"https:\/\/www.satt.fr\/en\/communiques-satt-septembre2017\/"},"author":{"name":"@manager@","@id":"https:\/\/www.satt.fr\/en\/#\/schema\/person\/58a0cf963c955da360b43eeeb4274168"},"headline":"Les communiqu\u00e9s de presse SATT &#8211; septembre 2017","datePublished":"2017-09-29T13:20:13+00:00","dateModified":"2017-12-12T16:33:02+00:00","mainEntityOfPage":{"@id":"https:\/\/www.satt.fr\/en\/communiques-satt-septembre2017\/"},"wordCount":272,"image":{"@id":"https:\/\/www.satt.fr\/en\/communiques-satt-septembre2017\/#primaryimage"},"thumbnailUrl":"https:\/\/www.satt.fr\/wp-content\/uploads\/2017\/11\/CP-SATT_modifie-1.jpg","articleSection":["Success Stories"],"inLanguage":"en-US"},{"@type":"WebPage","@id":"https:\/\/www.satt.fr\/en\/communiques-satt-septembre2017\/","url":"https:\/\/www.satt.fr\/en\/communiques-satt-septembre2017\/","name":"Les communiqu\u00e9s de presse SATT - septembre 2017 - R\u00e9seau SATT","isPartOf":{"@id":"https:\/\/www.satt.fr\/en\/#website"},"primaryImageOfPage":{"@id":"https:\/\/www.satt.fr\/en\/communiques-satt-septembre2017\/#primaryimage"},"image":{"@id":"https:\/\/www.satt.fr\/en\/communiques-satt-septembre2017\/#primaryimage"},"thumbnailUrl":"https:\/\/www.satt.fr\/wp-content\/uploads\/2017\/11\/CP-SATT_modifie-1.jpg","datePublished":"2017-09-29T13:20:13+00:00","dateModified":"2017-12-12T16:33:02+00:00","author":{"@id":"https:\/\/www.satt.fr\/en\/#\/schema\/person\/58a0cf963c955da360b43eeeb4274168"},"breadcrumb":{"@id":"https:\/\/www.satt.fr\/en\/communiques-satt-septembre2017\/#breadcrumb"},"inLanguage":"en-US","potentialAction":[{"@type":"ReadAction","target":["https:\/\/www.satt.fr\/en\/communiques-satt-septembre2017\/"]}]},{"@type":"ImageObject","inLanguage":"en-US","@id":"https:\/\/www.satt.fr\/en\/communiques-satt-septembre2017\/#primaryimage","url":"https:\/\/www.satt.fr\/wp-content\/uploads\/2017\/11\/CP-SATT_modifie-1.jpg","contentUrl":"https:\/\/www.satt.fr\/wp-content\/uploads\/2017\/11\/CP-SATT_modifie-1.jpg","width":2048,"height":1142},{"@type":"BreadcrumbList","@id":"https:\/\/www.satt.fr\/en\/communiques-satt-septembre2017\/#breadcrumb","itemListElement":[{"@type":"ListItem","position":1,"name":"Accueil","item":"https:\/\/www.satt.fr\/en\/"},{"@type":"ListItem","position":2,"name":"Les communiqu\u00e9s de presse SATT &#8211; septembre 2017"}]},{"@type":"WebSite","@id":"https:\/\/www.satt.fr\/en\/#website","url":"https:\/\/www.satt.fr\/en\/","name":"R\u00e9seau SATT","description":"Les Soci\u00e9t\u00e9s d&#039;Acc\u00e9l\u00e9ration du Transfert de Technologies","potentialAction":[{"@type":"SearchAction","target":{"@type":"EntryPoint","urlTemplate":"https:\/\/www.satt.fr\/en\/?s={search_term_string}"},"query-input":{"@type":"PropertyValueSpecification","valueRequired":true,"valueName":"search_term_string"}}],"inLanguage":"en-US"},{"@type":"Person","@id":"https:\/\/www.satt.fr\/en\/#\/schema\/person\/58a0cf963c955da360b43eeeb4274168","name":"@manager@","url":"https:\/\/www.satt.fr\/en\/author\/manager\/"}]}},"_links":{"self":[{"href":"https:\/\/www.satt.fr\/en\/wp-json\/wp\/v2\/posts\/7227","targetHints":{"allow":["GET"]}}],"collection":[{"href":"https:\/\/www.satt.fr\/en\/wp-json\/wp\/v2\/posts"}],"about":[{"href":"https:\/\/www.satt.fr\/en\/wp-json\/wp\/v2\/types\/post"}],"author":[{"embeddable":true,"href":"https:\/\/www.satt.fr\/en\/wp-json\/wp\/v2\/users\/1"}],"replies":[{"embeddable":true,"href":"https:\/\/www.satt.fr\/en\/wp-json\/wp\/v2\/comments?post=7227"}],"version-history":[{"count":1,"href":"https:\/\/www.satt.fr\/en\/wp-json\/wp\/v2\/posts\/7227\/revisions"}],"predecessor-version":[{"id":7229,"href":"https:\/\/www.satt.fr\/en\/wp-json\/wp\/v2\/posts\/7227\/revisions\/7229"}],"wp:featuredmedia":[{"embeddable":true,"href":"https:\/\/www.satt.fr\/en\/wp-json\/wp\/v2\/media\/6592"}],"wp:attachment":[{"href":"https:\/\/www.satt.fr\/en\/wp-json\/wp\/v2\/media?parent=7227"}],"wp:term":[{"taxonomy":"category","embeddable":true,"href":"https:\/\/www.satt.fr\/en\/wp-json\/wp\/v2\/categories?post=7227"},{"taxonomy":"post_tag","embeddable":true,"href":"https:\/\/www.satt.fr\/en\/wp-json\/wp\/v2\/tags?post=7227"}],"curies":[{"name":"wp","href":"https:\/\/api.w.org\/{rel}","templated":true}]}}