{"id":8215,"date":"2018-02-23T14:34:08","date_gmt":"2018-02-23T13:34:08","guid":{"rendered":"https:\/\/www.satt.fr\/satt-sud-participe-a-12-edition-de-bio-europe-spring\/"},"modified":"2018-02-23T14:34:08","modified_gmt":"2018-02-23T13:34:08","slug":"satt-sud-participe-a-12-edition-de-bio-europe-spring","status":"publish","type":"post","link":"https:\/\/www.satt.fr\/en\/satt-sud-participe-a-12-edition-de-bio-europe-spring\/","title":{"rendered":"La SATT Sud-Est participe \u00e0 la 12 \u00e9dition de BIO-Europe Spring"},"content":{"rendered":"<p><strong>La douzi\u00e8me \u00e9dition de BIO-Europe Spring\u00ae, premi\u00e8re conf\u00e9rence de partenariat printanier pour l\u2019industrie de la biotechnologie, se tiendra \u00e0 Amsterdam, aux Pays-Bas, du 12 au 14 mars 2018<\/strong><\/p>\n<p><a href=\"http:\/\/www.ebdgroup.com\/corp\/conferences\/\" target=\"_blank\" rel=\"noopener\">BIO-Europe Spring<\/a>\u00a02018 r\u00e9unira pr\u00e8s de 2 600 dirigeants d\u2019entreprises biotechnologiques, pharmaceutiques et financi\u00e8res du monde entier, qui participeront \u00e0 plus de 15 000 r\u00e9unions de partenariat. L\u2019occasion de d\u00e9couvrir les innovations prot\u00e9g\u00e9es issues de la recherche publique des R\u00e9gions PACA &amp; Corse<\/p>\n<p>La conf\u00e9rence attire chaque ann\u00e9e le \u00ab\u00a0who\u2019s who\u00a0\u00bb international de la biotechnologie, de la pharmacie et des finances pour trois jours de r\u00e9seautage de haut niveau.<\/p>\n<p><a href=\"https:\/\/www.sattse.com\/2018\/02\/bio-europe-spring-12-eme-edition\/\">Lire la suite sur le site de la SATT Sud-Est\u00a0<\/a><\/p>\n","protected":false},"excerpt":{"rendered":"<p>La douzi\u00e8me \u00e9dition de BIO-Europe Spring\u00ae, premi\u00e8re conf\u00e9rence de partenariat printanier pour l\u2019industrie de la biotechnologie, se tiendra \u00e0 Amsterdam, aux Pays-Bas, du 12 au 14 mars 2018 BIO-Europe Spring\u00a02018 r\u00e9unira pr\u00e8s de 2 600 dirigeants d\u2019entreprises biotechnologiques, pharmaceutiques et financi\u00e8res du monde entier, qui participeront \u00e0 plus de 15 000 r\u00e9unions de partenariat. L\u2019occasion [&hellip;]<\/p>\n","protected":false},"author":26,"featured_media":8161,"comment_status":"closed","ping_status":"closed","sticky":false,"template":"","format":"standard","meta":{"_acf_changed":false,"footnotes":""},"categories":[560,567],"tags":[],"class_list":["post-8215","post","type-post","status-publish","format-standard","has-post-thumbnail","hentry","category-event-en","category-news-en"],"acf":[],"yoast_head":"<!-- This site is optimized with the Yoast SEO plugin v27.4 - https:\/\/yoast.com\/product\/yoast-seo-wordpress\/ -->\n<title>La SATT Sud-Est participe \u00e0 la 12 \u00e9dition de BIO-Europe Spring - R\u00e9seau SATT<\/title>\n<meta name=\"robots\" content=\"index, follow, max-snippet:-1, max-image-preview:large, max-video-preview:-1\" \/>\n<link rel=\"canonical\" href=\"https:\/\/www.satt.fr\/en\/satt-sud-participe-a-12-edition-de-bio-europe-spring\/\" \/>\n<meta name=\"twitter:label1\" content=\"Written by\" \/>\n\t<meta name=\"twitter:data1\" content=\"Magali GOMEZ\" \/>\n\t<meta name=\"twitter:label2\" content=\"Est. reading time\" \/>\n\t<meta name=\"twitter:data2\" content=\"1 minute\" \/>\n<script type=\"application\/ld+json\" class=\"yoast-schema-graph\">{\"@context\":\"https:\\\/\\\/schema.org\",\"@graph\":[{\"@type\":\"Article\",\"@id\":\"https:\\\/\\\/www.satt.fr\\\/en\\\/satt-sud-participe-a-12-edition-de-bio-europe-spring\\\/#article\",\"isPartOf\":{\"@id\":\"https:\\\/\\\/www.satt.fr\\\/en\\\/satt-sud-participe-a-12-edition-de-bio-europe-spring\\\/\"},\"author\":{\"name\":\"Magali GOMEZ\",\"@id\":\"https:\\\/\\\/www.satt.fr\\\/en\\\/#\\\/schema\\\/person\\\/b4d90d3340329bb39e146fe375c908fb\"},\"headline\":\"La SATT Sud-Est participe \u00e0 la 12 \u00e9dition de BIO-Europe Spring\",\"datePublished\":\"2018-02-23T13:34:08+00:00\",\"mainEntityOfPage\":{\"@id\":\"https:\\\/\\\/www.satt.fr\\\/en\\\/satt-sud-participe-a-12-edition-de-bio-europe-spring\\\/\"},\"wordCount\":124,\"image\":{\"@id\":\"https:\\\/\\\/www.satt.fr\\\/en\\\/satt-sud-participe-a-12-edition-de-bio-europe-spring\\\/#primaryimage\"},\"thumbnailUrl\":\"https:\\\/\\\/www.satt.fr\\\/wp-content\\\/uploads\\\/2018\\\/02\\\/test.jpg\",\"articleSection\":[\"Events\",\"News\"],\"inLanguage\":\"en-US\"},{\"@type\":\"WebPage\",\"@id\":\"https:\\\/\\\/www.satt.fr\\\/en\\\/satt-sud-participe-a-12-edition-de-bio-europe-spring\\\/\",\"url\":\"https:\\\/\\\/www.satt.fr\\\/en\\\/satt-sud-participe-a-12-edition-de-bio-europe-spring\\\/\",\"name\":\"La SATT Sud-Est participe \u00e0 la 12 \u00e9dition de BIO-Europe Spring - R\u00e9seau SATT\",\"isPartOf\":{\"@id\":\"https:\\\/\\\/www.satt.fr\\\/en\\\/#website\"},\"primaryImageOfPage\":{\"@id\":\"https:\\\/\\\/www.satt.fr\\\/en\\\/satt-sud-participe-a-12-edition-de-bio-europe-spring\\\/#primaryimage\"},\"image\":{\"@id\":\"https:\\\/\\\/www.satt.fr\\\/en\\\/satt-sud-participe-a-12-edition-de-bio-europe-spring\\\/#primaryimage\"},\"thumbnailUrl\":\"https:\\\/\\\/www.satt.fr\\\/wp-content\\\/uploads\\\/2018\\\/02\\\/test.jpg\",\"datePublished\":\"2018-02-23T13:34:08+00:00\",\"author\":{\"@id\":\"https:\\\/\\\/www.satt.fr\\\/en\\\/#\\\/schema\\\/person\\\/b4d90d3340329bb39e146fe375c908fb\"},\"breadcrumb\":{\"@id\":\"https:\\\/\\\/www.satt.fr\\\/en\\\/satt-sud-participe-a-12-edition-de-bio-europe-spring\\\/#breadcrumb\"},\"inLanguage\":\"en-US\",\"potentialAction\":[{\"@type\":\"ReadAction\",\"target\":[\"https:\\\/\\\/www.satt.fr\\\/en\\\/satt-sud-participe-a-12-edition-de-bio-europe-spring\\\/\"]}]},{\"@type\":\"ImageObject\",\"inLanguage\":\"en-US\",\"@id\":\"https:\\\/\\\/www.satt.fr\\\/en\\\/satt-sud-participe-a-12-edition-de-bio-europe-spring\\\/#primaryimage\",\"url\":\"https:\\\/\\\/www.satt.fr\\\/wp-content\\\/uploads\\\/2018\\\/02\\\/test.jpg\",\"contentUrl\":\"https:\\\/\\\/www.satt.fr\\\/wp-content\\\/uploads\\\/2018\\\/02\\\/test.jpg\",\"width\":6399,\"height\":3569},{\"@type\":\"BreadcrumbList\",\"@id\":\"https:\\\/\\\/www.satt.fr\\\/en\\\/satt-sud-participe-a-12-edition-de-bio-europe-spring\\\/#breadcrumb\",\"itemListElement\":[{\"@type\":\"ListItem\",\"position\":1,\"name\":\"Accueil\",\"item\":\"https:\\\/\\\/www.satt.fr\\\/en\\\/\"},{\"@type\":\"ListItem\",\"position\":2,\"name\":\"La SATT Sud-Est participe \u00e0 la 12 \u00e9dition de BIO-Europe Spring\"}]},{\"@type\":\"WebSite\",\"@id\":\"https:\\\/\\\/www.satt.fr\\\/en\\\/#website\",\"url\":\"https:\\\/\\\/www.satt.fr\\\/en\\\/\",\"name\":\"R\u00e9seau SATT\",\"description\":\"Les Soci\u00e9t\u00e9s d&#039;Acc\u00e9l\u00e9ration du Transfert de Technologies\",\"potentialAction\":[{\"@type\":\"SearchAction\",\"target\":{\"@type\":\"EntryPoint\",\"urlTemplate\":\"https:\\\/\\\/www.satt.fr\\\/en\\\/?s={search_term_string}\"},\"query-input\":{\"@type\":\"PropertyValueSpecification\",\"valueRequired\":true,\"valueName\":\"search_term_string\"}}],\"inLanguage\":\"en-US\"},{\"@type\":\"Person\",\"@id\":\"https:\\\/\\\/www.satt.fr\\\/en\\\/#\\\/schema\\\/person\\\/b4d90d3340329bb39e146fe375c908fb\",\"name\":\"Magali GOMEZ\",\"url\":\"https:\\\/\\\/www.satt.fr\\\/en\\\/author\\\/magali\\\/\"}]}<\/script>\n<!-- \/ Yoast SEO plugin. -->","yoast_head_json":{"title":"La SATT Sud-Est participe \u00e0 la 12 \u00e9dition de BIO-Europe Spring - R\u00e9seau SATT","robots":{"index":"index","follow":"follow","max-snippet":"max-snippet:-1","max-image-preview":"max-image-preview:large","max-video-preview":"max-video-preview:-1"},"canonical":"https:\/\/www.satt.fr\/en\/satt-sud-participe-a-12-edition-de-bio-europe-spring\/","twitter_misc":{"Written by":"Magali GOMEZ","Est. reading time":"1 minute"},"schema":{"@context":"https:\/\/schema.org","@graph":[{"@type":"Article","@id":"https:\/\/www.satt.fr\/en\/satt-sud-participe-a-12-edition-de-bio-europe-spring\/#article","isPartOf":{"@id":"https:\/\/www.satt.fr\/en\/satt-sud-participe-a-12-edition-de-bio-europe-spring\/"},"author":{"name":"Magali GOMEZ","@id":"https:\/\/www.satt.fr\/en\/#\/schema\/person\/b4d90d3340329bb39e146fe375c908fb"},"headline":"La SATT Sud-Est participe \u00e0 la 12 \u00e9dition de BIO-Europe Spring","datePublished":"2018-02-23T13:34:08+00:00","mainEntityOfPage":{"@id":"https:\/\/www.satt.fr\/en\/satt-sud-participe-a-12-edition-de-bio-europe-spring\/"},"wordCount":124,"image":{"@id":"https:\/\/www.satt.fr\/en\/satt-sud-participe-a-12-edition-de-bio-europe-spring\/#primaryimage"},"thumbnailUrl":"https:\/\/www.satt.fr\/wp-content\/uploads\/2018\/02\/test.jpg","articleSection":["Events","News"],"inLanguage":"en-US"},{"@type":"WebPage","@id":"https:\/\/www.satt.fr\/en\/satt-sud-participe-a-12-edition-de-bio-europe-spring\/","url":"https:\/\/www.satt.fr\/en\/satt-sud-participe-a-12-edition-de-bio-europe-spring\/","name":"La SATT Sud-Est participe \u00e0 la 12 \u00e9dition de BIO-Europe Spring - R\u00e9seau SATT","isPartOf":{"@id":"https:\/\/www.satt.fr\/en\/#website"},"primaryImageOfPage":{"@id":"https:\/\/www.satt.fr\/en\/satt-sud-participe-a-12-edition-de-bio-europe-spring\/#primaryimage"},"image":{"@id":"https:\/\/www.satt.fr\/en\/satt-sud-participe-a-12-edition-de-bio-europe-spring\/#primaryimage"},"thumbnailUrl":"https:\/\/www.satt.fr\/wp-content\/uploads\/2018\/02\/test.jpg","datePublished":"2018-02-23T13:34:08+00:00","author":{"@id":"https:\/\/www.satt.fr\/en\/#\/schema\/person\/b4d90d3340329bb39e146fe375c908fb"},"breadcrumb":{"@id":"https:\/\/www.satt.fr\/en\/satt-sud-participe-a-12-edition-de-bio-europe-spring\/#breadcrumb"},"inLanguage":"en-US","potentialAction":[{"@type":"ReadAction","target":["https:\/\/www.satt.fr\/en\/satt-sud-participe-a-12-edition-de-bio-europe-spring\/"]}]},{"@type":"ImageObject","inLanguage":"en-US","@id":"https:\/\/www.satt.fr\/en\/satt-sud-participe-a-12-edition-de-bio-europe-spring\/#primaryimage","url":"https:\/\/www.satt.fr\/wp-content\/uploads\/2018\/02\/test.jpg","contentUrl":"https:\/\/www.satt.fr\/wp-content\/uploads\/2018\/02\/test.jpg","width":6399,"height":3569},{"@type":"BreadcrumbList","@id":"https:\/\/www.satt.fr\/en\/satt-sud-participe-a-12-edition-de-bio-europe-spring\/#breadcrumb","itemListElement":[{"@type":"ListItem","position":1,"name":"Accueil","item":"https:\/\/www.satt.fr\/en\/"},{"@type":"ListItem","position":2,"name":"La SATT Sud-Est participe \u00e0 la 12 \u00e9dition de BIO-Europe Spring"}]},{"@type":"WebSite","@id":"https:\/\/www.satt.fr\/en\/#website","url":"https:\/\/www.satt.fr\/en\/","name":"R\u00e9seau SATT","description":"Les Soci\u00e9t\u00e9s d&#039;Acc\u00e9l\u00e9ration du Transfert de Technologies","potentialAction":[{"@type":"SearchAction","target":{"@type":"EntryPoint","urlTemplate":"https:\/\/www.satt.fr\/en\/?s={search_term_string}"},"query-input":{"@type":"PropertyValueSpecification","valueRequired":true,"valueName":"search_term_string"}}],"inLanguage":"en-US"},{"@type":"Person","@id":"https:\/\/www.satt.fr\/en\/#\/schema\/person\/b4d90d3340329bb39e146fe375c908fb","name":"Magali GOMEZ","url":"https:\/\/www.satt.fr\/en\/author\/magali\/"}]}},"_links":{"self":[{"href":"https:\/\/www.satt.fr\/en\/wp-json\/wp\/v2\/posts\/8215","targetHints":{"allow":["GET"]}}],"collection":[{"href":"https:\/\/www.satt.fr\/en\/wp-json\/wp\/v2\/posts"}],"about":[{"href":"https:\/\/www.satt.fr\/en\/wp-json\/wp\/v2\/types\/post"}],"author":[{"embeddable":true,"href":"https:\/\/www.satt.fr\/en\/wp-json\/wp\/v2\/users\/26"}],"replies":[{"embeddable":true,"href":"https:\/\/www.satt.fr\/en\/wp-json\/wp\/v2\/comments?post=8215"}],"version-history":[{"count":0,"href":"https:\/\/www.satt.fr\/en\/wp-json\/wp\/v2\/posts\/8215\/revisions"}],"wp:featuredmedia":[{"embeddable":true,"href":"https:\/\/www.satt.fr\/en\/wp-json\/wp\/v2\/media\/8161"}],"wp:attachment":[{"href":"https:\/\/www.satt.fr\/en\/wp-json\/wp\/v2\/media?parent=8215"}],"wp:term":[{"taxonomy":"category","embeddable":true,"href":"https:\/\/www.satt.fr\/en\/wp-json\/wp\/v2\/categories?post=8215"},{"taxonomy":"post_tag","embeddable":true,"href":"https:\/\/www.satt.fr\/en\/wp-json\/wp\/v2\/tags?post=8215"}],"curies":[{"name":"wp","href":"https:\/\/api.w.org\/{rel}","templated":true}]}}