{"id":8570,"date":"2018-02-06T12:30:27","date_gmt":"2018-02-06T11:30:27","guid":{"rendered":"https:\/\/www.satt.fr\/isabelle-rey-devient-directrice-transfert-de-satt-aquitaine\/"},"modified":"2018-02-06T12:30:27","modified_gmt":"2018-02-06T11:30:27","slug":"isabelle-rey-devient-directrice-transfert-de-satt-aquitaine","status":"publish","type":"post","link":"https:\/\/www.satt.fr\/en\/isabelle-rey-devient-directrice-transfert-de-satt-aquitaine\/","title":{"rendered":"Isabelle Rey devient Directrice du Transfert de la SATT Aquitaine"},"content":{"rendered":"<p><strong>Isabelle Rey a \u00e9t\u00e9 nomm\u00e9e directrice de la Direction du Transfert de la SATT Aquitaine, Aquitaine Science Transfert, au 1er janvier 2018. A ce titre, elle manage les trois Business Units de la soci\u00e9t\u00e9 (Sant\u00e9 Bien-\u00catre, A\u00e9ronautique Spatial D\u00e9fense et Syst\u00e8mes, Energies Fili\u00e8res Vertes), le d\u00e9partement du Management de la Propri\u00e9t\u00e9 Intellectuelle et celui des cr\u00e9ations d\u2019entreprises. Au total l\u2019\u00e9quipe se compose de 19 collaborateurs (chefs projets, business developers, juristes, ing\u00e9nieurs en propri\u00e9t\u00e9 intellectuelle, coach en cr\u00e9ation d\u2019entreprise \u2026)<\/strong>.<\/p>\n<p>Les missions de la direction du transfert de technologies couvrent la d\u00e9tection des technologies aupr\u00e8s des quelque 140 laboratoires de recherche acad\u00e9mique en tutelle et cotutelle des 11 Etablissements de la SATT Aquitaine (Universit\u00e9 de Bordeaux, Universit\u00e9 de Pau et des Pays de l\u2019Adour, Universit\u00e9 Bordeaux Montaigne, Bordeaux INP, les d\u00e9l\u00e9gations aquitaines du CNRS et de l\u2019INSERM, le CHU de Bordeaux, l\u2019Institut Bergoni\u00e9, Bordeaux Sciences Agro, l\u2019ESTIA, Sciences Po Bordeaux), la protection intellectuelle des chercheurs obtenue seule ou en copropri\u00e9t\u00e9 avec les entreprises, l\u2019instruction des dossiers de maturation qui am\u00e8neront les technologies jusqu\u2019\u00e0 la preuve de concept et dont la future valeur \u00e9conomique est av\u00e9r\u00e9e, le licensing aux entreprises et la cr\u00e9ation de start-ups \u00e0 forte proposition de valeur.<\/p>\n<p>Apr\u00e8s un doctorat en physico-chimie des polym\u00e8res de l\u2019Universit\u00e9 de Bordeaux (au sein de l\u2019Institut des Sciences Mol\u00e9culaires) et un Master en management de l\u2019IAE de Bordeaux, Isabelle Rey a int\u00e9gr\u00e9 en 1998, la division des films plastiques puis la filiale Batscap sp\u00e9cialis\u00e9e dans le stockage d\u2019\u00e9nergie du groupe Bollor\u00e9, comme Responsable Innovations de l\u2019activit\u00e9 Supercapacit\u00e9. Apr\u00e8s dix ann\u00e9es en entreprise, elle choisit de rejoindre Aquitaine Valo en 2007, le Dispositif Mutualis\u00e9 de Transfert de Technologie en devenant charg\u00e9e d\u2019affaires sciences de l\u2019ing\u00e9nieur.<\/p>\n<p>\u00ab Apr\u00e8s 10 ann\u00e9es dans l\u2019industrie o\u00f9 j\u2019ai \u00e9t\u00e9 amen\u00e9e \u00e0 porter l\u2019innovation vers les march\u00e9s, \u00e0 g\u00e9rer des projets innovants, de la propri\u00e9t\u00e9 intellectuelle et des partenariats, j\u2019ai voulu mettre mon exp\u00e9rience au service de la recherche publique en l\u2019accompagnant dans une d\u00e9marche de cr\u00e9ation de valeur socio-\u00e9conomique \u00bb, d\u00e9clare Isabelle Rey. En 2009, elle devient responsable du p\u00f4le partenariat d\u2019Aquitaine Valo et fait partie de l\u2019\u00e9quipe qui r\u00e9pond avec succ\u00e8s \u00e0 l\u2019appel d\u2019offres de la cr\u00e9ation de la future SATT Aquitaine. C\u2019est tout naturellement qu\u2019elle devient directrice de la direction des partenariats de recherche de la toute nouvelle Aquitaine Science Transfert en juillet 2012, poste qu\u2019elle occupera jusqu\u2019en d\u00e9cembre 2017.<\/p>\n<p>\u00ab Depuis mes d\u00e9buts en entreprise jusqu\u2019\u00e0 la direction du transfert d\u2019Aquitaine Science Transfert, j\u2019ai toujours voulu faire avancer l\u2019innovation made in France, et particuli\u00e8rement celle issue des laboratoires de la recherche publique. Aujourd\u2019hui gr\u00e2ce aux \u00e9quipes de la SATT, \u00e0 l\u2019action de l\u2019Etat et de nos \u00e9tablissements actionnaires aquitains, nous sommes dans une dynamique positive. Nous signons des licences et nous cr\u00e9ons des startups \u00e0 un rythme r\u00e9gulier ; tous ces efforts paieront et nous devons les poursuivre dans un souci d\u2019efficacit\u00e9 et de service rendu permanent pour amplifier notre capacit\u00e9 \u00e0 transf\u00e9rer notamment nos projets les plus prometteurs \u00bb.<\/p>\n<p>&gt; <a href=\"http:\/\/ast-innovations.com\/isabelle-rey-nouvelle-directrice-de-direction-transfert\/\">Lire l&#8217;int\u00e9gralit\u00e9 de l&#8217;actualit\u00e9<\/a><\/p>\n","protected":false},"excerpt":{"rendered":"<p>Isabelle Rey a \u00e9t\u00e9 nomm\u00e9e directrice de la Direction du Transfert de la SATT Aquitaine, Aquitaine Science Transfert, au 1er janvier 2018. A ce titre, elle manage les trois Business Units de la soci\u00e9t\u00e9 (Sant\u00e9 Bien-\u00catre, A\u00e9ronautique Spatial D\u00e9fense et Syst\u00e8mes, Energies Fili\u00e8res Vertes), le d\u00e9partement du Management de la Propri\u00e9t\u00e9 Intellectuelle et celui des [&hellip;]<\/p>\n","protected":false},"author":6,"featured_media":8438,"comment_status":"closed","ping_status":"closed","sticky":false,"template":"","format":"standard","meta":{"_acf_changed":false,"footnotes":""},"categories":[567],"tags":[],"class_list":["post-8570","post","type-post","status-publish","format-standard","has-post-thumbnail","hentry","category-news-en"],"acf":[],"yoast_head":"<!-- This site is optimized with the Yoast SEO plugin v27.4 - https:\/\/yoast.com\/product\/yoast-seo-wordpress\/ -->\n<title>Isabelle Rey devient Directrice du Transfert de la SATT Aquitaine - R\u00e9seau SATT<\/title>\n<meta name=\"robots\" content=\"index, follow, max-snippet:-1, max-image-preview:large, max-video-preview:-1\" \/>\n<link rel=\"canonical\" href=\"https:\/\/www.satt.fr\/en\/isabelle-rey-devient-directrice-transfert-de-satt-aquitaine\/\" \/>\n<meta name=\"twitter:label1\" content=\"Written by\" \/>\n\t<meta name=\"twitter:data1\" content=\"Claire MORAS\" \/>\n\t<meta name=\"twitter:label2\" content=\"Est. reading time\" \/>\n\t<meta name=\"twitter:data2\" content=\"3 minutes\" \/>\n<script type=\"application\/ld+json\" class=\"yoast-schema-graph\">{\"@context\":\"https:\\\/\\\/schema.org\",\"@graph\":[{\"@type\":\"Article\",\"@id\":\"https:\\\/\\\/www.satt.fr\\\/en\\\/isabelle-rey-devient-directrice-transfert-de-satt-aquitaine\\\/#article\",\"isPartOf\":{\"@id\":\"https:\\\/\\\/www.satt.fr\\\/en\\\/isabelle-rey-devient-directrice-transfert-de-satt-aquitaine\\\/\"},\"author\":{\"name\":\"Claire MORAS\",\"@id\":\"https:\\\/\\\/www.satt.fr\\\/en\\\/#\\\/schema\\\/person\\\/c0a490b9e32ce5b1446970b12e60a786\"},\"headline\":\"Isabelle Rey devient Directrice du Transfert de la SATT Aquitaine\",\"datePublished\":\"2018-02-06T11:30:27+00:00\",\"mainEntityOfPage\":{\"@id\":\"https:\\\/\\\/www.satt.fr\\\/en\\\/isabelle-rey-devient-directrice-transfert-de-satt-aquitaine\\\/\"},\"wordCount\":579,\"image\":{\"@id\":\"https:\\\/\\\/www.satt.fr\\\/en\\\/isabelle-rey-devient-directrice-transfert-de-satt-aquitaine\\\/#primaryimage\"},\"thumbnailUrl\":\"https:\\\/\\\/www.satt.fr\\\/wp-content\\\/uploads\\\/2018\\\/03\\\/portrait_Isabelle-Rey_reseau-satt.jpg\",\"articleSection\":[\"News\"],\"inLanguage\":\"en-US\"},{\"@type\":\"WebPage\",\"@id\":\"https:\\\/\\\/www.satt.fr\\\/en\\\/isabelle-rey-devient-directrice-transfert-de-satt-aquitaine\\\/\",\"url\":\"https:\\\/\\\/www.satt.fr\\\/en\\\/isabelle-rey-devient-directrice-transfert-de-satt-aquitaine\\\/\",\"name\":\"Isabelle Rey devient Directrice du Transfert de la SATT Aquitaine - R\u00e9seau SATT\",\"isPartOf\":{\"@id\":\"https:\\\/\\\/www.satt.fr\\\/en\\\/#website\"},\"primaryImageOfPage\":{\"@id\":\"https:\\\/\\\/www.satt.fr\\\/en\\\/isabelle-rey-devient-directrice-transfert-de-satt-aquitaine\\\/#primaryimage\"},\"image\":{\"@id\":\"https:\\\/\\\/www.satt.fr\\\/en\\\/isabelle-rey-devient-directrice-transfert-de-satt-aquitaine\\\/#primaryimage\"},\"thumbnailUrl\":\"https:\\\/\\\/www.satt.fr\\\/wp-content\\\/uploads\\\/2018\\\/03\\\/portrait_Isabelle-Rey_reseau-satt.jpg\",\"datePublished\":\"2018-02-06T11:30:27+00:00\",\"author\":{\"@id\":\"https:\\\/\\\/www.satt.fr\\\/en\\\/#\\\/schema\\\/person\\\/c0a490b9e32ce5b1446970b12e60a786\"},\"breadcrumb\":{\"@id\":\"https:\\\/\\\/www.satt.fr\\\/en\\\/isabelle-rey-devient-directrice-transfert-de-satt-aquitaine\\\/#breadcrumb\"},\"inLanguage\":\"en-US\",\"potentialAction\":[{\"@type\":\"ReadAction\",\"target\":[\"https:\\\/\\\/www.satt.fr\\\/en\\\/isabelle-rey-devient-directrice-transfert-de-satt-aquitaine\\\/\"]}]},{\"@type\":\"ImageObject\",\"inLanguage\":\"en-US\",\"@id\":\"https:\\\/\\\/www.satt.fr\\\/en\\\/isabelle-rey-devient-directrice-transfert-de-satt-aquitaine\\\/#primaryimage\",\"url\":\"https:\\\/\\\/www.satt.fr\\\/wp-content\\\/uploads\\\/2018\\\/03\\\/portrait_Isabelle-Rey_reseau-satt.jpg\",\"contentUrl\":\"https:\\\/\\\/www.satt.fr\\\/wp-content\\\/uploads\\\/2018\\\/03\\\/portrait_Isabelle-Rey_reseau-satt.jpg\",\"width\":3200,\"height\":1785},{\"@type\":\"BreadcrumbList\",\"@id\":\"https:\\\/\\\/www.satt.fr\\\/en\\\/isabelle-rey-devient-directrice-transfert-de-satt-aquitaine\\\/#breadcrumb\",\"itemListElement\":[{\"@type\":\"ListItem\",\"position\":1,\"name\":\"Accueil\",\"item\":\"https:\\\/\\\/www.satt.fr\\\/en\\\/\"},{\"@type\":\"ListItem\",\"position\":2,\"name\":\"Isabelle Rey devient Directrice du Transfert de la SATT Aquitaine\"}]},{\"@type\":\"WebSite\",\"@id\":\"https:\\\/\\\/www.satt.fr\\\/en\\\/#website\",\"url\":\"https:\\\/\\\/www.satt.fr\\\/en\\\/\",\"name\":\"R\u00e9seau SATT\",\"description\":\"Les Soci\u00e9t\u00e9s d&#039;Acc\u00e9l\u00e9ration du Transfert de Technologies\",\"potentialAction\":[{\"@type\":\"SearchAction\",\"target\":{\"@type\":\"EntryPoint\",\"urlTemplate\":\"https:\\\/\\\/www.satt.fr\\\/en\\\/?s={search_term_string}\"},\"query-input\":{\"@type\":\"PropertyValueSpecification\",\"valueRequired\":true,\"valueName\":\"search_term_string\"}}],\"inLanguage\":\"en-US\"},{\"@type\":\"Person\",\"@id\":\"https:\\\/\\\/www.satt.fr\\\/en\\\/#\\\/schema\\\/person\\\/c0a490b9e32ce5b1446970b12e60a786\",\"name\":\"Claire MORAS\",\"url\":\"https:\\\/\\\/www.satt.fr\\\/en\\\/author\\\/claire\\\/\"}]}<\/script>\n<!-- \/ Yoast SEO plugin. -->","yoast_head_json":{"title":"Isabelle Rey devient Directrice du Transfert de la SATT Aquitaine - R\u00e9seau SATT","robots":{"index":"index","follow":"follow","max-snippet":"max-snippet:-1","max-image-preview":"max-image-preview:large","max-video-preview":"max-video-preview:-1"},"canonical":"https:\/\/www.satt.fr\/en\/isabelle-rey-devient-directrice-transfert-de-satt-aquitaine\/","twitter_misc":{"Written by":"Claire MORAS","Est. reading time":"3 minutes"},"schema":{"@context":"https:\/\/schema.org","@graph":[{"@type":"Article","@id":"https:\/\/www.satt.fr\/en\/isabelle-rey-devient-directrice-transfert-de-satt-aquitaine\/#article","isPartOf":{"@id":"https:\/\/www.satt.fr\/en\/isabelle-rey-devient-directrice-transfert-de-satt-aquitaine\/"},"author":{"name":"Claire MORAS","@id":"https:\/\/www.satt.fr\/en\/#\/schema\/person\/c0a490b9e32ce5b1446970b12e60a786"},"headline":"Isabelle Rey devient Directrice du Transfert de la SATT Aquitaine","datePublished":"2018-02-06T11:30:27+00:00","mainEntityOfPage":{"@id":"https:\/\/www.satt.fr\/en\/isabelle-rey-devient-directrice-transfert-de-satt-aquitaine\/"},"wordCount":579,"image":{"@id":"https:\/\/www.satt.fr\/en\/isabelle-rey-devient-directrice-transfert-de-satt-aquitaine\/#primaryimage"},"thumbnailUrl":"https:\/\/www.satt.fr\/wp-content\/uploads\/2018\/03\/portrait_Isabelle-Rey_reseau-satt.jpg","articleSection":["News"],"inLanguage":"en-US"},{"@type":"WebPage","@id":"https:\/\/www.satt.fr\/en\/isabelle-rey-devient-directrice-transfert-de-satt-aquitaine\/","url":"https:\/\/www.satt.fr\/en\/isabelle-rey-devient-directrice-transfert-de-satt-aquitaine\/","name":"Isabelle Rey devient Directrice du Transfert de la SATT Aquitaine - R\u00e9seau SATT","isPartOf":{"@id":"https:\/\/www.satt.fr\/en\/#website"},"primaryImageOfPage":{"@id":"https:\/\/www.satt.fr\/en\/isabelle-rey-devient-directrice-transfert-de-satt-aquitaine\/#primaryimage"},"image":{"@id":"https:\/\/www.satt.fr\/en\/isabelle-rey-devient-directrice-transfert-de-satt-aquitaine\/#primaryimage"},"thumbnailUrl":"https:\/\/www.satt.fr\/wp-content\/uploads\/2018\/03\/portrait_Isabelle-Rey_reseau-satt.jpg","datePublished":"2018-02-06T11:30:27+00:00","author":{"@id":"https:\/\/www.satt.fr\/en\/#\/schema\/person\/c0a490b9e32ce5b1446970b12e60a786"},"breadcrumb":{"@id":"https:\/\/www.satt.fr\/en\/isabelle-rey-devient-directrice-transfert-de-satt-aquitaine\/#breadcrumb"},"inLanguage":"en-US","potentialAction":[{"@type":"ReadAction","target":["https:\/\/www.satt.fr\/en\/isabelle-rey-devient-directrice-transfert-de-satt-aquitaine\/"]}]},{"@type":"ImageObject","inLanguage":"en-US","@id":"https:\/\/www.satt.fr\/en\/isabelle-rey-devient-directrice-transfert-de-satt-aquitaine\/#primaryimage","url":"https:\/\/www.satt.fr\/wp-content\/uploads\/2018\/03\/portrait_Isabelle-Rey_reseau-satt.jpg","contentUrl":"https:\/\/www.satt.fr\/wp-content\/uploads\/2018\/03\/portrait_Isabelle-Rey_reseau-satt.jpg","width":3200,"height":1785},{"@type":"BreadcrumbList","@id":"https:\/\/www.satt.fr\/en\/isabelle-rey-devient-directrice-transfert-de-satt-aquitaine\/#breadcrumb","itemListElement":[{"@type":"ListItem","position":1,"name":"Accueil","item":"https:\/\/www.satt.fr\/en\/"},{"@type":"ListItem","position":2,"name":"Isabelle Rey devient Directrice du Transfert de la SATT Aquitaine"}]},{"@type":"WebSite","@id":"https:\/\/www.satt.fr\/en\/#website","url":"https:\/\/www.satt.fr\/en\/","name":"R\u00e9seau SATT","description":"Les Soci\u00e9t\u00e9s d&#039;Acc\u00e9l\u00e9ration du Transfert de Technologies","potentialAction":[{"@type":"SearchAction","target":{"@type":"EntryPoint","urlTemplate":"https:\/\/www.satt.fr\/en\/?s={search_term_string}"},"query-input":{"@type":"PropertyValueSpecification","valueRequired":true,"valueName":"search_term_string"}}],"inLanguage":"en-US"},{"@type":"Person","@id":"https:\/\/www.satt.fr\/en\/#\/schema\/person\/c0a490b9e32ce5b1446970b12e60a786","name":"Claire MORAS","url":"https:\/\/www.satt.fr\/en\/author\/claire\/"}]}},"_links":{"self":[{"href":"https:\/\/www.satt.fr\/en\/wp-json\/wp\/v2\/posts\/8570","targetHints":{"allow":["GET"]}}],"collection":[{"href":"https:\/\/www.satt.fr\/en\/wp-json\/wp\/v2\/posts"}],"about":[{"href":"https:\/\/www.satt.fr\/en\/wp-json\/wp\/v2\/types\/post"}],"author":[{"embeddable":true,"href":"https:\/\/www.satt.fr\/en\/wp-json\/wp\/v2\/users\/6"}],"replies":[{"embeddable":true,"href":"https:\/\/www.satt.fr\/en\/wp-json\/wp\/v2\/comments?post=8570"}],"version-history":[{"count":0,"href":"https:\/\/www.satt.fr\/en\/wp-json\/wp\/v2\/posts\/8570\/revisions"}],"wp:featuredmedia":[{"embeddable":true,"href":"https:\/\/www.satt.fr\/en\/wp-json\/wp\/v2\/media\/8438"}],"wp:attachment":[{"href":"https:\/\/www.satt.fr\/en\/wp-json\/wp\/v2\/media?parent=8570"}],"wp:term":[{"taxonomy":"category","embeddable":true,"href":"https:\/\/www.satt.fr\/en\/wp-json\/wp\/v2\/categories?post=8570"},{"taxonomy":"post_tag","embeddable":true,"href":"https:\/\/www.satt.fr\/en\/wp-json\/wp\/v2\/tags?post=8570"}],"curies":[{"name":"wp","href":"https:\/\/api.w.org\/{rel}","templated":true}]}}