{"id":8708,"date":"2018-03-29T15:50:21","date_gmt":"2018-03-29T13:50:21","guid":{"rendered":"https:\/\/www.satt.fr\/satt-sud-participe-a-medfit-2018\/"},"modified":"2018-04-03T14:29:47","modified_gmt":"2018-04-03T12:29:47","slug":"satt-sud-participe-a-medfit-2018","status":"publish","type":"post","link":"https:\/\/www.satt.fr\/en\/satt-sud-participe-a-medfit-2018\/","title":{"rendered":"La SATT Sud-Est participe \u00e0 MEDFIT 2018"},"content":{"rendered":"<h1>La SATT Sud-Est se trouvera dans le nord-est le temps de la premi\u00e8re convention d\u2019affaires europ\u00e9enne\u00a0des technologies m\u00e9dicales et du diagnostic<\/h1>\n<p>&nbsp;<\/p>\n<h2>MEDFIT, d\u00e9di\u00e9e aux partenariats d\u2019innovation se tiendra le 26 &amp; 27 juin 2018 \u00e0 Strasbourg<\/h2>\n<p>&nbsp;<\/p>\n<p><a href=\"https:\/\/www.medfit-event.com\/\" target=\"_blank\" rel=\"noopener\"><img loading=\"lazy\" decoding=\"async\" class=\"alignnone wp-image-14577 size-full\" src=\"https:\/\/www.sattse.com\/wp-content\/uploads\/2018\/03\/medfit.png\" alt=\"\" width=\"768\" height=\"236\" \/><\/a><\/p>\n<h3>\u00a0<\/h3>\n<p>Pour consulter le programme de MEDFIT et lire la suite de l&#8217;actualit\u00e9, rendez-vous sur <a href=\"http:\/\/sattse.com\/\" target=\"_blank\" rel=\"noopener\">le site de la SATT Sud-Est\u00a0<\/a><\/p>\n","protected":false},"excerpt":{"rendered":"<p>La SATT Sud-Est se trouvera dans le nord-est le temps de la premi\u00e8re convention d\u2019affaires europ\u00e9enne\u00a0des technologies m\u00e9dicales et du diagnostic &nbsp; MEDFIT, d\u00e9di\u00e9e aux partenariats d\u2019innovation se tiendra le 26 &amp; 27 juin 2018 \u00e0 Strasbourg &nbsp; \u00a0 Pour consulter le programme de MEDFIT et lire la suite de l&#8217;actualit\u00e9, rendez-vous sur le site [&hellip;]<\/p>\n","protected":false},"author":26,"featured_media":8710,"comment_status":"closed","ping_status":"closed","sticky":false,"template":"","format":"standard","meta":{"_acf_changed":false,"footnotes":""},"categories":[560],"tags":[],"class_list":["post-8708","post","type-post","status-publish","format-standard","has-post-thumbnail","hentry","category-event-en"],"acf":[],"yoast_head":"<!-- This site is optimized with the Yoast SEO plugin v27.4 - https:\/\/yoast.com\/product\/yoast-seo-wordpress\/ -->\n<title>La SATT Sud-Est participe \u00e0 MEDFIT 2018 - R\u00e9seau SATT<\/title>\n<meta name=\"robots\" content=\"index, follow, max-snippet:-1, max-image-preview:large, max-video-preview:-1\" \/>\n<link rel=\"canonical\" href=\"https:\/\/www.satt.fr\/en\/satt-sud-participe-a-medfit-2018\/\" \/>\n<meta name=\"twitter:label1\" content=\"Written by\" \/>\n\t<meta name=\"twitter:data1\" content=\"Magali GOMEZ\" \/>\n<script type=\"application\/ld+json\" class=\"yoast-schema-graph\">{\"@context\":\"https:\\\/\\\/schema.org\",\"@graph\":[{\"@type\":\"Article\",\"@id\":\"https:\\\/\\\/www.satt.fr\\\/en\\\/satt-sud-participe-a-medfit-2018\\\/#article\",\"isPartOf\":{\"@id\":\"https:\\\/\\\/www.satt.fr\\\/en\\\/satt-sud-participe-a-medfit-2018\\\/\"},\"author\":{\"name\":\"Magali GOMEZ\",\"@id\":\"https:\\\/\\\/www.satt.fr\\\/en\\\/#\\\/schema\\\/person\\\/b4d90d3340329bb39e146fe375c908fb\"},\"headline\":\"La SATT Sud-Est participe \u00e0 MEDFIT 2018\",\"datePublished\":\"2018-03-29T13:50:21+00:00\",\"dateModified\":\"2018-04-03T12:29:47+00:00\",\"mainEntityOfPage\":{\"@id\":\"https:\\\/\\\/www.satt.fr\\\/en\\\/satt-sud-participe-a-medfit-2018\\\/\"},\"wordCount\":68,\"image\":{\"@id\":\"https:\\\/\\\/www.satt.fr\\\/en\\\/satt-sud-participe-a-medfit-2018\\\/#primaryimage\"},\"thumbnailUrl\":\"https:\\\/\\\/www.satt.fr\\\/wp-content\\\/uploads\\\/2018\\\/03\\\/MedFIT-1.jpg\",\"articleSection\":[\"Events\"],\"inLanguage\":\"en-US\"},{\"@type\":\"WebPage\",\"@id\":\"https:\\\/\\\/www.satt.fr\\\/en\\\/satt-sud-participe-a-medfit-2018\\\/\",\"url\":\"https:\\\/\\\/www.satt.fr\\\/en\\\/satt-sud-participe-a-medfit-2018\\\/\",\"name\":\"La SATT Sud-Est participe \u00e0 MEDFIT 2018 - R\u00e9seau SATT\",\"isPartOf\":{\"@id\":\"https:\\\/\\\/www.satt.fr\\\/en\\\/#website\"},\"primaryImageOfPage\":{\"@id\":\"https:\\\/\\\/www.satt.fr\\\/en\\\/satt-sud-participe-a-medfit-2018\\\/#primaryimage\"},\"image\":{\"@id\":\"https:\\\/\\\/www.satt.fr\\\/en\\\/satt-sud-participe-a-medfit-2018\\\/#primaryimage\"},\"thumbnailUrl\":\"https:\\\/\\\/www.satt.fr\\\/wp-content\\\/uploads\\\/2018\\\/03\\\/MedFIT-1.jpg\",\"datePublished\":\"2018-03-29T13:50:21+00:00\",\"dateModified\":\"2018-04-03T12:29:47+00:00\",\"author\":{\"@id\":\"https:\\\/\\\/www.satt.fr\\\/en\\\/#\\\/schema\\\/person\\\/b4d90d3340329bb39e146fe375c908fb\"},\"breadcrumb\":{\"@id\":\"https:\\\/\\\/www.satt.fr\\\/en\\\/satt-sud-participe-a-medfit-2018\\\/#breadcrumb\"},\"inLanguage\":\"en-US\",\"potentialAction\":[{\"@type\":\"ReadAction\",\"target\":[\"https:\\\/\\\/www.satt.fr\\\/en\\\/satt-sud-participe-a-medfit-2018\\\/\"]}]},{\"@type\":\"ImageObject\",\"inLanguage\":\"en-US\",\"@id\":\"https:\\\/\\\/www.satt.fr\\\/en\\\/satt-sud-participe-a-medfit-2018\\\/#primaryimage\",\"url\":\"https:\\\/\\\/www.satt.fr\\\/wp-content\\\/uploads\\\/2018\\\/03\\\/MedFIT-1.jpg\",\"contentUrl\":\"https:\\\/\\\/www.satt.fr\\\/wp-content\\\/uploads\\\/2018\\\/03\\\/MedFIT-1.jpg\",\"width\":6399,\"height\":3569},{\"@type\":\"BreadcrumbList\",\"@id\":\"https:\\\/\\\/www.satt.fr\\\/en\\\/satt-sud-participe-a-medfit-2018\\\/#breadcrumb\",\"itemListElement\":[{\"@type\":\"ListItem\",\"position\":1,\"name\":\"Accueil\",\"item\":\"https:\\\/\\\/www.satt.fr\\\/en\\\/\"},{\"@type\":\"ListItem\",\"position\":2,\"name\":\"La SATT Sud-Est participe \u00e0 MEDFIT 2018\"}]},{\"@type\":\"WebSite\",\"@id\":\"https:\\\/\\\/www.satt.fr\\\/en\\\/#website\",\"url\":\"https:\\\/\\\/www.satt.fr\\\/en\\\/\",\"name\":\"R\u00e9seau SATT\",\"description\":\"Les Soci\u00e9t\u00e9s d&#039;Acc\u00e9l\u00e9ration du Transfert de Technologies\",\"potentialAction\":[{\"@type\":\"SearchAction\",\"target\":{\"@type\":\"EntryPoint\",\"urlTemplate\":\"https:\\\/\\\/www.satt.fr\\\/en\\\/?s={search_term_string}\"},\"query-input\":{\"@type\":\"PropertyValueSpecification\",\"valueRequired\":true,\"valueName\":\"search_term_string\"}}],\"inLanguage\":\"en-US\"},{\"@type\":\"Person\",\"@id\":\"https:\\\/\\\/www.satt.fr\\\/en\\\/#\\\/schema\\\/person\\\/b4d90d3340329bb39e146fe375c908fb\",\"name\":\"Magali GOMEZ\",\"url\":\"https:\\\/\\\/www.satt.fr\\\/en\\\/author\\\/magali\\\/\"}]}<\/script>\n<!-- \/ Yoast SEO plugin. -->","yoast_head_json":{"title":"La SATT Sud-Est participe \u00e0 MEDFIT 2018 - R\u00e9seau SATT","robots":{"index":"index","follow":"follow","max-snippet":"max-snippet:-1","max-image-preview":"max-image-preview:large","max-video-preview":"max-video-preview:-1"},"canonical":"https:\/\/www.satt.fr\/en\/satt-sud-participe-a-medfit-2018\/","twitter_misc":{"Written by":"Magali GOMEZ"},"schema":{"@context":"https:\/\/schema.org","@graph":[{"@type":"Article","@id":"https:\/\/www.satt.fr\/en\/satt-sud-participe-a-medfit-2018\/#article","isPartOf":{"@id":"https:\/\/www.satt.fr\/en\/satt-sud-participe-a-medfit-2018\/"},"author":{"name":"Magali GOMEZ","@id":"https:\/\/www.satt.fr\/en\/#\/schema\/person\/b4d90d3340329bb39e146fe375c908fb"},"headline":"La SATT Sud-Est participe \u00e0 MEDFIT 2018","datePublished":"2018-03-29T13:50:21+00:00","dateModified":"2018-04-03T12:29:47+00:00","mainEntityOfPage":{"@id":"https:\/\/www.satt.fr\/en\/satt-sud-participe-a-medfit-2018\/"},"wordCount":68,"image":{"@id":"https:\/\/www.satt.fr\/en\/satt-sud-participe-a-medfit-2018\/#primaryimage"},"thumbnailUrl":"https:\/\/www.satt.fr\/wp-content\/uploads\/2018\/03\/MedFIT-1.jpg","articleSection":["Events"],"inLanguage":"en-US"},{"@type":"WebPage","@id":"https:\/\/www.satt.fr\/en\/satt-sud-participe-a-medfit-2018\/","url":"https:\/\/www.satt.fr\/en\/satt-sud-participe-a-medfit-2018\/","name":"La SATT Sud-Est participe \u00e0 MEDFIT 2018 - R\u00e9seau SATT","isPartOf":{"@id":"https:\/\/www.satt.fr\/en\/#website"},"primaryImageOfPage":{"@id":"https:\/\/www.satt.fr\/en\/satt-sud-participe-a-medfit-2018\/#primaryimage"},"image":{"@id":"https:\/\/www.satt.fr\/en\/satt-sud-participe-a-medfit-2018\/#primaryimage"},"thumbnailUrl":"https:\/\/www.satt.fr\/wp-content\/uploads\/2018\/03\/MedFIT-1.jpg","datePublished":"2018-03-29T13:50:21+00:00","dateModified":"2018-04-03T12:29:47+00:00","author":{"@id":"https:\/\/www.satt.fr\/en\/#\/schema\/person\/b4d90d3340329bb39e146fe375c908fb"},"breadcrumb":{"@id":"https:\/\/www.satt.fr\/en\/satt-sud-participe-a-medfit-2018\/#breadcrumb"},"inLanguage":"en-US","potentialAction":[{"@type":"ReadAction","target":["https:\/\/www.satt.fr\/en\/satt-sud-participe-a-medfit-2018\/"]}]},{"@type":"ImageObject","inLanguage":"en-US","@id":"https:\/\/www.satt.fr\/en\/satt-sud-participe-a-medfit-2018\/#primaryimage","url":"https:\/\/www.satt.fr\/wp-content\/uploads\/2018\/03\/MedFIT-1.jpg","contentUrl":"https:\/\/www.satt.fr\/wp-content\/uploads\/2018\/03\/MedFIT-1.jpg","width":6399,"height":3569},{"@type":"BreadcrumbList","@id":"https:\/\/www.satt.fr\/en\/satt-sud-participe-a-medfit-2018\/#breadcrumb","itemListElement":[{"@type":"ListItem","position":1,"name":"Accueil","item":"https:\/\/www.satt.fr\/en\/"},{"@type":"ListItem","position":2,"name":"La SATT Sud-Est participe \u00e0 MEDFIT 2018"}]},{"@type":"WebSite","@id":"https:\/\/www.satt.fr\/en\/#website","url":"https:\/\/www.satt.fr\/en\/","name":"R\u00e9seau SATT","description":"Les Soci\u00e9t\u00e9s d&#039;Acc\u00e9l\u00e9ration du Transfert de Technologies","potentialAction":[{"@type":"SearchAction","target":{"@type":"EntryPoint","urlTemplate":"https:\/\/www.satt.fr\/en\/?s={search_term_string}"},"query-input":{"@type":"PropertyValueSpecification","valueRequired":true,"valueName":"search_term_string"}}],"inLanguage":"en-US"},{"@type":"Person","@id":"https:\/\/www.satt.fr\/en\/#\/schema\/person\/b4d90d3340329bb39e146fe375c908fb","name":"Magali GOMEZ","url":"https:\/\/www.satt.fr\/en\/author\/magali\/"}]}},"_links":{"self":[{"href":"https:\/\/www.satt.fr\/en\/wp-json\/wp\/v2\/posts\/8708","targetHints":{"allow":["GET"]}}],"collection":[{"href":"https:\/\/www.satt.fr\/en\/wp-json\/wp\/v2\/posts"}],"about":[{"href":"https:\/\/www.satt.fr\/en\/wp-json\/wp\/v2\/types\/post"}],"author":[{"embeddable":true,"href":"https:\/\/www.satt.fr\/en\/wp-json\/wp\/v2\/users\/26"}],"replies":[{"embeddable":true,"href":"https:\/\/www.satt.fr\/en\/wp-json\/wp\/v2\/comments?post=8708"}],"version-history":[{"count":1,"href":"https:\/\/www.satt.fr\/en\/wp-json\/wp\/v2\/posts\/8708\/revisions"}],"predecessor-version":[{"id":8711,"href":"https:\/\/www.satt.fr\/en\/wp-json\/wp\/v2\/posts\/8708\/revisions\/8711"}],"wp:featuredmedia":[{"embeddable":true,"href":"https:\/\/www.satt.fr\/en\/wp-json\/wp\/v2\/media\/8710"}],"wp:attachment":[{"href":"https:\/\/www.satt.fr\/en\/wp-json\/wp\/v2\/media?parent=8708"}],"wp:term":[{"taxonomy":"category","embeddable":true,"href":"https:\/\/www.satt.fr\/en\/wp-json\/wp\/v2\/categories?post=8708"},{"taxonomy":"post_tag","embeddable":true,"href":"https:\/\/www.satt.fr\/en\/wp-json\/wp\/v2\/tags?post=8708"}],"curies":[{"name":"wp","href":"https:\/\/api.w.org\/{rel}","templated":true}]}}