{"id":9356,"date":"2018-05-31T18:05:20","date_gmt":"2018-05-31T16:05:20","guid":{"rendered":"https:\/\/www.satt.fr\/ouest-valorisation-lance-ami-domaine-de-cosmetique\/"},"modified":"2018-06-14T11:58:31","modified_gmt":"2018-06-14T09:58:31","slug":"ouest-valorisation-lance-ami-domaine-de-cosmetique","status":"publish","type":"post","link":"https:\/\/www.satt.fr\/en\/ouest-valorisation-lance-ami-domaine-de-cosmetique\/","title":{"rendered":"Ouest Valorisation lance un AMI dans le domaine de la cosm\u00e9tique"},"content":{"rendered":"<div>La SATT Ouest Valorisation lance avec le soutien du P\u00f4le Cosmetic Valley\u00a0<strong>un appel \u00e0 manifestation d\u2019int\u00e9r\u00eat portant sur la th\u00e9matique des Cosm\u00e9tiques<\/strong>.Voici les axes de recherches concern\u00e9s :<\/p>\n<ul>\n<li><strong>Production de tensio-actifs ou polym\u00e8res bio-sourc\u00e9s<\/strong><\/li>\n<li><strong>Exploitation\u00a0des v\u00e9g\u00e9taux marins et terrestres, nouvelles sources d\u2019ingr\u00e9dients actifs originaux pour les cosm\u00e9tiques, et nouveaux proc\u00e9d\u00e9s d\u2019extraction<\/strong><\/li>\n<li><strong>Techniques de marquage des liquides (parfums notamment), d\u2019\u00e9mulsions ou de poudre<\/strong><\/li>\n<\/ul>\n<p>L\u2019objectif principal de cet AMI, est <strong>d\u2019identifier, d\u2019accompagner et de r\u00e9ussir\u00a0le transfert des technologies<\/strong> issues des laboratoires r\u00e9pondant.<\/p>\n<\/div>\n<div>\u00a0<\/div>\n<div>Cliquez ici pour en savoir plus :\u00a0http:\/\/www.ouest-valorisation.fr\/fr\/appel-a-projets\/<\/div>\n","protected":false},"excerpt":{"rendered":"<p>La SATT Ouest Valorisation lance avec le soutien du P\u00f4le Cosmetic Valley\u00a0un appel \u00e0 manifestation d\u2019int\u00e9r\u00eat portant sur la th\u00e9matique des Cosm\u00e9tiques.Voici les axes de recherches concern\u00e9s : Production de tensio-actifs ou polym\u00e8res bio-sourc\u00e9s Exploitation\u00a0des v\u00e9g\u00e9taux marins et terrestres, nouvelles sources d\u2019ingr\u00e9dients actifs originaux pour les cosm\u00e9tiques, et nouveaux proc\u00e9d\u00e9s d\u2019extraction Techniques de marquage des [&hellip;]<\/p>\n","protected":false},"author":11,"featured_media":9484,"comment_status":"closed","ping_status":"closed","sticky":false,"template":"","format":"standard","meta":{"_acf_changed":false,"footnotes":""},"categories":[567],"tags":[],"class_list":["post-9356","post","type-post","status-publish","format-standard","has-post-thumbnail","hentry","category-news-en"],"acf":[],"yoast_head":"<!-- This site is optimized with the Yoast SEO plugin v27.4 - https:\/\/yoast.com\/product\/yoast-seo-wordpress\/ -->\n<title>Ouest Valorisation lance un AMI dans le domaine de la cosm\u00e9tique - R\u00e9seau SATT<\/title>\n<meta name=\"robots\" content=\"index, follow, max-snippet:-1, max-image-preview:large, max-video-preview:-1\" \/>\n<link rel=\"canonical\" href=\"https:\/\/www.satt.fr\/en\/ouest-valorisation-lance-ami-domaine-de-cosmetique\/\" \/>\n<meta name=\"twitter:label1\" content=\"Written by\" \/>\n\t<meta name=\"twitter:data1\" content=\"Charlotte PERRIER\" \/>\n\t<meta name=\"twitter:label2\" content=\"Est. reading time\" \/>\n\t<meta name=\"twitter:data2\" content=\"1 minute\" \/>\n<script type=\"application\/ld+json\" class=\"yoast-schema-graph\">{\"@context\":\"https:\\\/\\\/schema.org\",\"@graph\":[{\"@type\":\"Article\",\"@id\":\"https:\\\/\\\/www.satt.fr\\\/en\\\/ouest-valorisation-lance-ami-domaine-de-cosmetique\\\/#article\",\"isPartOf\":{\"@id\":\"https:\\\/\\\/www.satt.fr\\\/en\\\/ouest-valorisation-lance-ami-domaine-de-cosmetique\\\/\"},\"author\":{\"name\":\"Charlotte PERRIER\",\"@id\":\"https:\\\/\\\/www.satt.fr\\\/en\\\/#\\\/schema\\\/person\\\/20d3c45d31431cc2a06bd3dc52c2c086\"},\"headline\":\"Ouest Valorisation lance un AMI dans le domaine de la cosm\u00e9tique\",\"datePublished\":\"2018-05-31T16:05:20+00:00\",\"dateModified\":\"2018-06-14T09:58:31+00:00\",\"mainEntityOfPage\":{\"@id\":\"https:\\\/\\\/www.satt.fr\\\/en\\\/ouest-valorisation-lance-ami-domaine-de-cosmetique\\\/\"},\"wordCount\":129,\"image\":{\"@id\":\"https:\\\/\\\/www.satt.fr\\\/en\\\/ouest-valorisation-lance-ami-domaine-de-cosmetique\\\/#primaryimage\"},\"thumbnailUrl\":\"https:\\\/\\\/www.satt.fr\\\/wp-content\\\/uploads\\\/2018\\\/05\\\/cosme.jpg\",\"articleSection\":[\"News\"],\"inLanguage\":\"en-US\"},{\"@type\":\"WebPage\",\"@id\":\"https:\\\/\\\/www.satt.fr\\\/en\\\/ouest-valorisation-lance-ami-domaine-de-cosmetique\\\/\",\"url\":\"https:\\\/\\\/www.satt.fr\\\/en\\\/ouest-valorisation-lance-ami-domaine-de-cosmetique\\\/\",\"name\":\"Ouest Valorisation lance un AMI dans le domaine de la cosm\u00e9tique - R\u00e9seau SATT\",\"isPartOf\":{\"@id\":\"https:\\\/\\\/www.satt.fr\\\/en\\\/#website\"},\"primaryImageOfPage\":{\"@id\":\"https:\\\/\\\/www.satt.fr\\\/en\\\/ouest-valorisation-lance-ami-domaine-de-cosmetique\\\/#primaryimage\"},\"image\":{\"@id\":\"https:\\\/\\\/www.satt.fr\\\/en\\\/ouest-valorisation-lance-ami-domaine-de-cosmetique\\\/#primaryimage\"},\"thumbnailUrl\":\"https:\\\/\\\/www.satt.fr\\\/wp-content\\\/uploads\\\/2018\\\/05\\\/cosme.jpg\",\"datePublished\":\"2018-05-31T16:05:20+00:00\",\"dateModified\":\"2018-06-14T09:58:31+00:00\",\"author\":{\"@id\":\"https:\\\/\\\/www.satt.fr\\\/en\\\/#\\\/schema\\\/person\\\/20d3c45d31431cc2a06bd3dc52c2c086\"},\"breadcrumb\":{\"@id\":\"https:\\\/\\\/www.satt.fr\\\/en\\\/ouest-valorisation-lance-ami-domaine-de-cosmetique\\\/#breadcrumb\"},\"inLanguage\":\"en-US\",\"potentialAction\":[{\"@type\":\"ReadAction\",\"target\":[\"https:\\\/\\\/www.satt.fr\\\/en\\\/ouest-valorisation-lance-ami-domaine-de-cosmetique\\\/\"]}]},{\"@type\":\"ImageObject\",\"inLanguage\":\"en-US\",\"@id\":\"https:\\\/\\\/www.satt.fr\\\/en\\\/ouest-valorisation-lance-ami-domaine-de-cosmetique\\\/#primaryimage\",\"url\":\"https:\\\/\\\/www.satt.fr\\\/wp-content\\\/uploads\\\/2018\\\/05\\\/cosme.jpg\",\"contentUrl\":\"https:\\\/\\\/www.satt.fr\\\/wp-content\\\/uploads\\\/2018\\\/05\\\/cosme.jpg\",\"width\":2133,\"height\":1190},{\"@type\":\"BreadcrumbList\",\"@id\":\"https:\\\/\\\/www.satt.fr\\\/en\\\/ouest-valorisation-lance-ami-domaine-de-cosmetique\\\/#breadcrumb\",\"itemListElement\":[{\"@type\":\"ListItem\",\"position\":1,\"name\":\"Accueil\",\"item\":\"https:\\\/\\\/www.satt.fr\\\/en\\\/\"},{\"@type\":\"ListItem\",\"position\":2,\"name\":\"Ouest Valorisation lance un AMI dans le domaine de la cosm\u00e9tique\"}]},{\"@type\":\"WebSite\",\"@id\":\"https:\\\/\\\/www.satt.fr\\\/en\\\/#website\",\"url\":\"https:\\\/\\\/www.satt.fr\\\/en\\\/\",\"name\":\"R\u00e9seau SATT\",\"description\":\"Les Soci\u00e9t\u00e9s d&#039;Acc\u00e9l\u00e9ration du Transfert de Technologies\",\"potentialAction\":[{\"@type\":\"SearchAction\",\"target\":{\"@type\":\"EntryPoint\",\"urlTemplate\":\"https:\\\/\\\/www.satt.fr\\\/en\\\/?s={search_term_string}\"},\"query-input\":{\"@type\":\"PropertyValueSpecification\",\"valueRequired\":true,\"valueName\":\"search_term_string\"}}],\"inLanguage\":\"en-US\"},{\"@type\":\"Person\",\"@id\":\"https:\\\/\\\/www.satt.fr\\\/en\\\/#\\\/schema\\\/person\\\/20d3c45d31431cc2a06bd3dc52c2c086\",\"name\":\"Charlotte PERRIER\",\"url\":\"https:\\\/\\\/www.satt.fr\\\/en\\\/author\\\/charlotte\\\/\"}]}<\/script>\n<!-- \/ Yoast SEO plugin. -->","yoast_head_json":{"title":"Ouest Valorisation lance un AMI dans le domaine de la cosm\u00e9tique - R\u00e9seau SATT","robots":{"index":"index","follow":"follow","max-snippet":"max-snippet:-1","max-image-preview":"max-image-preview:large","max-video-preview":"max-video-preview:-1"},"canonical":"https:\/\/www.satt.fr\/en\/ouest-valorisation-lance-ami-domaine-de-cosmetique\/","twitter_misc":{"Written by":"Charlotte PERRIER","Est. reading time":"1 minute"},"schema":{"@context":"https:\/\/schema.org","@graph":[{"@type":"Article","@id":"https:\/\/www.satt.fr\/en\/ouest-valorisation-lance-ami-domaine-de-cosmetique\/#article","isPartOf":{"@id":"https:\/\/www.satt.fr\/en\/ouest-valorisation-lance-ami-domaine-de-cosmetique\/"},"author":{"name":"Charlotte PERRIER","@id":"https:\/\/www.satt.fr\/en\/#\/schema\/person\/20d3c45d31431cc2a06bd3dc52c2c086"},"headline":"Ouest Valorisation lance un AMI dans le domaine de la cosm\u00e9tique","datePublished":"2018-05-31T16:05:20+00:00","dateModified":"2018-06-14T09:58:31+00:00","mainEntityOfPage":{"@id":"https:\/\/www.satt.fr\/en\/ouest-valorisation-lance-ami-domaine-de-cosmetique\/"},"wordCount":129,"image":{"@id":"https:\/\/www.satt.fr\/en\/ouest-valorisation-lance-ami-domaine-de-cosmetique\/#primaryimage"},"thumbnailUrl":"https:\/\/www.satt.fr\/wp-content\/uploads\/2018\/05\/cosme.jpg","articleSection":["News"],"inLanguage":"en-US"},{"@type":"WebPage","@id":"https:\/\/www.satt.fr\/en\/ouest-valorisation-lance-ami-domaine-de-cosmetique\/","url":"https:\/\/www.satt.fr\/en\/ouest-valorisation-lance-ami-domaine-de-cosmetique\/","name":"Ouest Valorisation lance un AMI dans le domaine de la cosm\u00e9tique - R\u00e9seau SATT","isPartOf":{"@id":"https:\/\/www.satt.fr\/en\/#website"},"primaryImageOfPage":{"@id":"https:\/\/www.satt.fr\/en\/ouest-valorisation-lance-ami-domaine-de-cosmetique\/#primaryimage"},"image":{"@id":"https:\/\/www.satt.fr\/en\/ouest-valorisation-lance-ami-domaine-de-cosmetique\/#primaryimage"},"thumbnailUrl":"https:\/\/www.satt.fr\/wp-content\/uploads\/2018\/05\/cosme.jpg","datePublished":"2018-05-31T16:05:20+00:00","dateModified":"2018-06-14T09:58:31+00:00","author":{"@id":"https:\/\/www.satt.fr\/en\/#\/schema\/person\/20d3c45d31431cc2a06bd3dc52c2c086"},"breadcrumb":{"@id":"https:\/\/www.satt.fr\/en\/ouest-valorisation-lance-ami-domaine-de-cosmetique\/#breadcrumb"},"inLanguage":"en-US","potentialAction":[{"@type":"ReadAction","target":["https:\/\/www.satt.fr\/en\/ouest-valorisation-lance-ami-domaine-de-cosmetique\/"]}]},{"@type":"ImageObject","inLanguage":"en-US","@id":"https:\/\/www.satt.fr\/en\/ouest-valorisation-lance-ami-domaine-de-cosmetique\/#primaryimage","url":"https:\/\/www.satt.fr\/wp-content\/uploads\/2018\/05\/cosme.jpg","contentUrl":"https:\/\/www.satt.fr\/wp-content\/uploads\/2018\/05\/cosme.jpg","width":2133,"height":1190},{"@type":"BreadcrumbList","@id":"https:\/\/www.satt.fr\/en\/ouest-valorisation-lance-ami-domaine-de-cosmetique\/#breadcrumb","itemListElement":[{"@type":"ListItem","position":1,"name":"Accueil","item":"https:\/\/www.satt.fr\/en\/"},{"@type":"ListItem","position":2,"name":"Ouest Valorisation lance un AMI dans le domaine de la cosm\u00e9tique"}]},{"@type":"WebSite","@id":"https:\/\/www.satt.fr\/en\/#website","url":"https:\/\/www.satt.fr\/en\/","name":"R\u00e9seau SATT","description":"Les Soci\u00e9t\u00e9s d&#039;Acc\u00e9l\u00e9ration du Transfert de Technologies","potentialAction":[{"@type":"SearchAction","target":{"@type":"EntryPoint","urlTemplate":"https:\/\/www.satt.fr\/en\/?s={search_term_string}"},"query-input":{"@type":"PropertyValueSpecification","valueRequired":true,"valueName":"search_term_string"}}],"inLanguage":"en-US"},{"@type":"Person","@id":"https:\/\/www.satt.fr\/en\/#\/schema\/person\/20d3c45d31431cc2a06bd3dc52c2c086","name":"Charlotte PERRIER","url":"https:\/\/www.satt.fr\/en\/author\/charlotte\/"}]}},"_links":{"self":[{"href":"https:\/\/www.satt.fr\/en\/wp-json\/wp\/v2\/posts\/9356","targetHints":{"allow":["GET"]}}],"collection":[{"href":"https:\/\/www.satt.fr\/en\/wp-json\/wp\/v2\/posts"}],"about":[{"href":"https:\/\/www.satt.fr\/en\/wp-json\/wp\/v2\/types\/post"}],"author":[{"embeddable":true,"href":"https:\/\/www.satt.fr\/en\/wp-json\/wp\/v2\/users\/11"}],"replies":[{"embeddable":true,"href":"https:\/\/www.satt.fr\/en\/wp-json\/wp\/v2\/comments?post=9356"}],"version-history":[{"count":1,"href":"https:\/\/www.satt.fr\/en\/wp-json\/wp\/v2\/posts\/9356\/revisions"}],"predecessor-version":[{"id":9485,"href":"https:\/\/www.satt.fr\/en\/wp-json\/wp\/v2\/posts\/9356\/revisions\/9485"}],"wp:featuredmedia":[{"embeddable":true,"href":"https:\/\/www.satt.fr\/en\/wp-json\/wp\/v2\/media\/9484"}],"wp:attachment":[{"href":"https:\/\/www.satt.fr\/en\/wp-json\/wp\/v2\/media?parent=9356"}],"wp:term":[{"taxonomy":"category","embeddable":true,"href":"https:\/\/www.satt.fr\/en\/wp-json\/wp\/v2\/categories?post=9356"},{"taxonomy":"post_tag","embeddable":true,"href":"https:\/\/www.satt.fr\/en\/wp-json\/wp\/v2\/tags?post=9356"}],"curies":[{"name":"wp","href":"https:\/\/api.w.org\/{rel}","templated":true}]}}