{"id":9567,"date":"2018-06-19T10:46:46","date_gmt":"2018-06-19T08:46:46","guid":{"rendered":"https:\/\/www.satt.fr\/digitrack-diagnostiquer-precocement-lautisme-approche-simple-efficace\/"},"modified":"2018-06-19T11:42:20","modified_gmt":"2018-06-19T09:42:20","slug":"digitrack-diagnostiquer-precocement-lautisme-approche-simple-efficace","status":"publish","type":"post","link":"https:\/\/www.satt.fr\/en\/digitrack-diagnostiquer-precocement-lautisme-approche-simple-efficace\/","title":{"rendered":"Pulsalys : DIGITRACK, pour diagnostiquer pr\u00e9cocement l\u2019autisme par une approche simple et efficace"},"content":{"rendered":"<p style=\"text-align: justify;\"><strong><a href=\"https:\/\/www.pulsalys.fr\/wp-content\/uploads\/2017\/04\/180615_Pulsalys-R\u00e9ussite-Digitrack-Juin2018.pdf\" target=\"_blank\" rel=\"noopener noreferrer\"><img loading=\"lazy\" decoding=\"async\" class=\" wp-image-9623 alignright\" src=\"https:\/\/www.pulsalys.fr\/wp-content\/uploads\/2018\/03\/Ic\u00f4ne-PDF-\u00e0-t\u00e9l\u00e9charger-250x250.jpeg\" alt=\"\" width=\"86\" height=\"86\" \/><\/a>D\u00e9velopp\u00e9e prioritairement pour l\u2019autisme, l\u2019application mobile Digitrack propose une solution simple et efficace pour le d\u00e9pistage et le diagnostic pr\u00e9coce. Cette avanc\u00e9e majeure pour les professionnels de sant\u00e9 comme pour les patients repose sur une technologie de mesure indirecte de l\u2019attention visuelle par exploration tactile d\u2019une image. <\/strong><\/p>\n<p style=\"text-align: justify;\"><em><img loading=\"lazy\" decoding=\"async\" class=\" wp-image-10162 alignleft\" src=\"https:\/\/www.pulsalys.fr\/wp-content\/uploads\/2018\/06\/Digitrack_Autisme-250x219.jpg\" alt=\"\" width=\"381\" height=\"334\" \/><\/em><\/p>\n<p style=\"text-align: justify;\"><em>\u00ab\u00a0L\u2019id\u00e9e g\u00e9n\u00e9rale de d\u00e9part \u00e9tait de mettre au point un dispositif capable de faire un diagnostic pr\u00e9coce de l\u2019autisme en s\u2019affranchissant du dispositif de suivi des mouvements oculaires, relativement complexe, et en utilisant les mouvements des doigts\u00a0\u00bb<\/em> indique Angela Sirigu, Directrice de recherche CNRS \u00e0 l\u2019Institut des sciences cognitives Marc Jeannerod (ISC). A la base du projet, la d\u00e9couverte de la similitude dans les modalit\u00e9s sensorielles visuelle et tactile lorsque le sujet observe une image flout\u00e9e.<\/p>\n<p style=\"text-align: justify;\"><span style=\"color: #ff6600;\"><strong>La beaut\u00e9 de la d\u00e9monstration scientifique<\/strong><\/span><\/p>\n<p style=\"text-align: justify;\">Une \u00e9tude men\u00e9e \u00e0 l&#8217;ISC et en cours de publication d\u00e9montre la corr\u00e9lation tr\u00e8s forte entre le suivi oculaire par \u00ab\u00a0Eye Tracking\u00a0\u00bb et le suivi digital par \u00ab\u00a0Digitrack\u00a0\u00bb d\u2019une image \u00e0 explorer. <em>\u00ab\u00a0Le syst\u00e8me visuel est organis\u00e9 avec une r\u00e9solution r\u00e9tinienne fine au niveau d\u2019une partie centrale tr\u00e8s petite (correspondant \u00e0 la fov\u00e9a) et une r\u00e9solution moindre en p\u00e9riph\u00e9rie\u00a0\u00bb<\/em> rappelle Angela Sirigu. Ainsi, le mouvement oculaire des yeux pour analyser une image consiste \u00e0 la balayer avec la fov\u00e9a, puis le cerveau reconstruit ensuite cette image. <em>\u00ab\u00a0En utilisant une image flout\u00e9e de mani\u00e8re gaussienne, on observe que l\u2019exploration digitale avec les dix doigts imite la vision fov\u00e9ale\u00a0\u00bb<\/em> explique-t-elle, d\u00e9montrant la forte corr\u00e9lation entre les deux modalit\u00e9s sensorielles, visuelle et tactile.<\/p>\n<p style=\"text-align: justify;\"><strong><span style=\"color: #ff6600;\">Une \u00ab\u00a0simple\u00a0\u00bb application mobile<\/span> <\/strong><\/p>\n<p style=\"text-align: justify;\"><img decoding=\"async\" class=\"size-medium wp-image-10161 alignright\" src=\"https:\/\/www.pulsalys.fr\/wp-content\/uploads\/2018\/06\/L1457_DIGITRACK_shutterstock_610735670-250x167.jpg\" alt=\"\" \/>Alors que l\u2019enregistrement oculaire par \u00ab\u00a0Eye tracking\u00a0\u00bb implique un dispositif contraignant et couteux, le syst\u00e8me Digitrack ne requiert quant \u00e0 lui qu\u2019une tablette et s\u2019av\u00e8re m\u00eame ludique pour les enfants\u00a0! <em>\u00ab\u00a0Le sujet explore l\u2019image avec les doigts en mimant la strat\u00e9gie du regard\u00a0\u00bb<\/em> d\u00e9crit la chercheuse, expliquant qu\u2019il en est de m\u00eame dans le comportement autistique, dans lequel le sujet \u00e9vite typiquement le centre du visage (regard fuyant). Tr\u00e8s puissant pour identifier efficacement les comportements d\u2019\u00e9vitement caract\u00e9ristiques de l\u2019autisme ou fiabiliser un pr\u00e9-diagnostic, le test peut \u00eatre utilis\u00e9 de mani\u00e8re simple avec des enfants jeunes d\u00e8s trois ans. <em>\u00ab\u00a0Ils sont g\u00e9n\u00e9ralement tr\u00e8s coop\u00e9rant pour effectuer cette t\u00e2che qui est per\u00e7ue de fa\u00e7on tout \u00e0 fait ludique\u00a0\u00bb<\/em> se r\u00e9jouit Angela Sirigu.<\/p>\n<p style=\"text-align: justify;\"><strong><span style=\"color: #ff6600;\">Des perspectives prometteuses pour un enjeu de sant\u00e9 publique<\/span> <\/strong><\/p>\n<p style=\"text-align: justify;\"><img decoding=\"async\" class=\"size-medium wp-image-10160 alignleft\" src=\"https:\/\/www.pulsalys.fr\/wp-content\/uploads\/2018\/06\/L1457_DIGITRACK_shutterstock_334384070-250x167.jpg\" alt=\"\" \/>Les avantages comp\u00e9titifs affich\u00e9s sont donc nombreux puisque le nouveau dispositif mis au point, outre d\u2019\u00eatre peu co\u00fbteux, mobile et connect\u00e9, offre un diagnostic fiable et pr\u00e9coce de l\u2019autisme. Simple d\u2019utilisation, il pourra non seulement \u00eatre \u00e0 la disposition des professionnels de sant\u00e9, mais \u00e9galement en milieu non m\u00e9dicalis\u00e9 pour le d\u00e9pistage de masse. \u00a0Plus largement, le dispositif Digitrack peut s\u2019appliquer au d\u00e9pistage et diagnostic pr\u00e9coce de divers troubles neurologiques de la prise d\u2019information, de l\u2019attention et de la m\u00e9moire visuelle. Si l\u2019indication prioritaire est aujourd\u2019hui l\u2019autisme, des indications secondaires pourraient b\u00e9n\u00e9ficier de l\u2019approche, telle la dyslexie, la maladie d\u2019Alzheimer ou d\u2019autres pathologies neurod\u00e9g\u00e9n\u00e9ratives.<\/p>\n<p style=\"text-align: justify;\"><span style=\"color: #ff6600;\"><strong>Quelles voies de valorisation possibles\u00a0?<\/strong><\/span><\/p>\n<p style=\"text-align: justify;\">S\u2019appuyant sur deux brevets CNRS \/ UCBL prot\u00e9geant la technologie, d\u00e9pos\u00e9s et g\u00e9r\u00e9s par Pulsalys, ainsi qu\u2019un essai clinique pilote r\u00e9alis\u00e9 aupr\u00e8s de patients en Italie, le dispositif vise une utilisation par les h\u00f4pitaux, les centres de r\u00e9f\u00e9rence sp\u00e9cialis\u00e9s et les laboratoires pharmaceutiques pour le suivi d\u2019efficacit\u00e9 de m\u00e9dicaments. <em>\u00ab\u00a0Nous avons pu tester notre technologie aupr\u00e8s de patients en Italie et sommes actuellement dans l\u2019attente de l\u2019approbation du comit\u00e9 d\u2019\u00e9thique en France afin de pouvoir \u00e9largir notre \u00e9chantillon\u00a0\u00bb<\/em> d\u00e9clare Angela Sirigu. Parall\u00e8lement, la SATT Pulsalys travaille activement \u00e0 la structuration du projet afin d\u2019envisager la cr\u00e9ation d\u2019une startup exploitant la technologie prometteuse.<\/p>\n<p>*Brevets prioritaires EP16305042 (\u00e9tendue PCT) et FR1754096<\/p>\n<table style=\"border-color: #f36a0c; width: 473px; height: 226px;\" border=\"1\">\n<tbody>\n<tr>\n<td style=\"width: 463.333px;\">\n<p><span style=\"font-family: georgia, palatino, serif; font-size: 12pt; color: #ff6600;\"><strong>En bref<\/strong><\/span><\/p>\n<ul>\n<li><strong>Contact Digitrack\u00a0: Angela Sirigu <\/strong><a href=\"mailto:sirigu@isc.cnrs.fr\">sirigu@isc.cnrs.fr<\/a><\/li>\n<li><strong>Contact Chef de projet Pulsalys<\/strong>\u00a0: <a href=\"mailto:stephane.donnet@pulsalys.fr\">stephane.donnet@pulsalys.fr<\/a><\/li>\n<li><strong>Laboratoire impliqu\u00e9<\/strong>\u00a0: <a href=\"http:\/\/www.isc.cnrs.fr\/\">Institut des Sciences Cognitives (ISC)<\/a> \/ <a href=\"https:\/\/www.univ-lyon1.fr\/research\/cognitive-neuroscience-centre-cnc-764371.kjsp\">UMR 5229 Cognitive Neuroscience Center (CNC)<\/a><\/li>\n<\/ul>\n<\/td>\n<\/tr>\n<\/tbody>\n<\/table>\n<p><strong><em>\u00a0<\/em><\/strong><\/p>\n","protected":false},"excerpt":{"rendered":"<p>D\u00e9velopp\u00e9e prioritairement pour l\u2019autisme, l\u2019application mobile Digitrack propose une solution simple et efficace pour le d\u00e9pistage et le diagnostic pr\u00e9coce. Cette avanc\u00e9e majeure pour les professionnels de sant\u00e9 comme pour les patients repose sur une technologie de mesure indirecte de l\u2019attention visuelle par exploration tactile d\u2019une image. \u00ab\u00a0L\u2019id\u00e9e g\u00e9n\u00e9rale de d\u00e9part \u00e9tait de mettre au [&hellip;]<\/p>\n","protected":false},"author":12,"featured_media":9573,"comment_status":"closed","ping_status":"closed","sticky":false,"template":"","format":"standard","meta":{"_acf_changed":false,"footnotes":""},"categories":[567,568],"tags":[],"class_list":["post-9567","post","type-post","status-publish","format-standard","has-post-thumbnail","hentry","category-news-en","category-successstories-en"],"acf":[],"yoast_head":"<!-- This site is optimized with the Yoast SEO plugin v27.4 - https:\/\/yoast.com\/product\/yoast-seo-wordpress\/ -->\n<title>Pulsalys : DIGITRACK, pour diagnostiquer pr\u00e9cocement l\u2019autisme par une approche simple et efficace - R\u00e9seau SATT<\/title>\n<meta name=\"robots\" content=\"index, follow, max-snippet:-1, max-image-preview:large, max-video-preview:-1\" \/>\n<link rel=\"canonical\" href=\"https:\/\/www.satt.fr\/en\/digitrack-diagnostiquer-precocement-lautisme-approche-simple-efficace\/\" \/>\n<meta name=\"twitter:label1\" content=\"Written by\" \/>\n\t<meta name=\"twitter:data1\" content=\"Daphn\u00e9 THOMAS\" \/>\n\t<meta name=\"twitter:label2\" content=\"Est. reading time\" \/>\n\t<meta name=\"twitter:data2\" content=\"4 minutes\" \/>\n<script type=\"application\/ld+json\" class=\"yoast-schema-graph\">{\"@context\":\"https:\\\/\\\/schema.org\",\"@graph\":[{\"@type\":\"Article\",\"@id\":\"https:\\\/\\\/www.satt.fr\\\/en\\\/digitrack-diagnostiquer-precocement-lautisme-approche-simple-efficace\\\/#article\",\"isPartOf\":{\"@id\":\"https:\\\/\\\/www.satt.fr\\\/en\\\/digitrack-diagnostiquer-precocement-lautisme-approche-simple-efficace\\\/\"},\"author\":{\"name\":\"Daphn\u00e9 THOMAS\",\"@id\":\"https:\\\/\\\/www.satt.fr\\\/en\\\/#\\\/schema\\\/person\\\/b887fcdc4ba6e2867d3c7d4662a744de\"},\"headline\":\"Pulsalys : DIGITRACK, pour diagnostiquer pr\u00e9cocement l\u2019autisme par une approche simple et efficace\",\"datePublished\":\"2018-06-19T08:46:46+00:00\",\"dateModified\":\"2018-06-19T09:42:20+00:00\",\"mainEntityOfPage\":{\"@id\":\"https:\\\/\\\/www.satt.fr\\\/en\\\/digitrack-diagnostiquer-precocement-lautisme-approche-simple-efficace\\\/\"},\"wordCount\":757,\"image\":{\"@id\":\"https:\\\/\\\/www.satt.fr\\\/en\\\/digitrack-diagnostiquer-precocement-lautisme-approche-simple-efficace\\\/#primaryimage\"},\"thumbnailUrl\":\"https:\\\/\\\/www.satt.fr\\\/wp-content\\\/uploads\\\/2018\\\/06\\\/Digi.jpg\",\"articleSection\":[\"News\",\"Success Stories\"],\"inLanguage\":\"en-US\"},{\"@type\":\"WebPage\",\"@id\":\"https:\\\/\\\/www.satt.fr\\\/en\\\/digitrack-diagnostiquer-precocement-lautisme-approche-simple-efficace\\\/\",\"url\":\"https:\\\/\\\/www.satt.fr\\\/en\\\/digitrack-diagnostiquer-precocement-lautisme-approche-simple-efficace\\\/\",\"name\":\"Pulsalys : DIGITRACK, pour diagnostiquer pr\u00e9cocement l\u2019autisme par une approche simple et efficace - R\u00e9seau SATT\",\"isPartOf\":{\"@id\":\"https:\\\/\\\/www.satt.fr\\\/en\\\/#website\"},\"primaryImageOfPage\":{\"@id\":\"https:\\\/\\\/www.satt.fr\\\/en\\\/digitrack-diagnostiquer-precocement-lautisme-approche-simple-efficace\\\/#primaryimage\"},\"image\":{\"@id\":\"https:\\\/\\\/www.satt.fr\\\/en\\\/digitrack-diagnostiquer-precocement-lautisme-approche-simple-efficace\\\/#primaryimage\"},\"thumbnailUrl\":\"https:\\\/\\\/www.satt.fr\\\/wp-content\\\/uploads\\\/2018\\\/06\\\/Digi.jpg\",\"datePublished\":\"2018-06-19T08:46:46+00:00\",\"dateModified\":\"2018-06-19T09:42:20+00:00\",\"author\":{\"@id\":\"https:\\\/\\\/www.satt.fr\\\/en\\\/#\\\/schema\\\/person\\\/b887fcdc4ba6e2867d3c7d4662a744de\"},\"breadcrumb\":{\"@id\":\"https:\\\/\\\/www.satt.fr\\\/en\\\/digitrack-diagnostiquer-precocement-lautisme-approche-simple-efficace\\\/#breadcrumb\"},\"inLanguage\":\"en-US\",\"potentialAction\":[{\"@type\":\"ReadAction\",\"target\":[\"https:\\\/\\\/www.satt.fr\\\/en\\\/digitrack-diagnostiquer-precocement-lautisme-approche-simple-efficace\\\/\"]}]},{\"@type\":\"ImageObject\",\"inLanguage\":\"en-US\",\"@id\":\"https:\\\/\\\/www.satt.fr\\\/en\\\/digitrack-diagnostiquer-precocement-lautisme-approche-simple-efficace\\\/#primaryimage\",\"url\":\"https:\\\/\\\/www.satt.fr\\\/wp-content\\\/uploads\\\/2018\\\/06\\\/Digi.jpg\",\"contentUrl\":\"https:\\\/\\\/www.satt.fr\\\/wp-content\\\/uploads\\\/2018\\\/06\\\/Digi.jpg\",\"width\":2133,\"height\":1190},{\"@type\":\"BreadcrumbList\",\"@id\":\"https:\\\/\\\/www.satt.fr\\\/en\\\/digitrack-diagnostiquer-precocement-lautisme-approche-simple-efficace\\\/#breadcrumb\",\"itemListElement\":[{\"@type\":\"ListItem\",\"position\":1,\"name\":\"Accueil\",\"item\":\"https:\\\/\\\/www.satt.fr\\\/en\\\/\"},{\"@type\":\"ListItem\",\"position\":2,\"name\":\"Pulsalys : DIGITRACK, pour diagnostiquer pr\u00e9cocement l\u2019autisme par une approche simple et efficace\"}]},{\"@type\":\"WebSite\",\"@id\":\"https:\\\/\\\/www.satt.fr\\\/en\\\/#website\",\"url\":\"https:\\\/\\\/www.satt.fr\\\/en\\\/\",\"name\":\"R\u00e9seau SATT\",\"description\":\"Les Soci\u00e9t\u00e9s d&#039;Acc\u00e9l\u00e9ration du Transfert de Technologies\",\"potentialAction\":[{\"@type\":\"SearchAction\",\"target\":{\"@type\":\"EntryPoint\",\"urlTemplate\":\"https:\\\/\\\/www.satt.fr\\\/en\\\/?s={search_term_string}\"},\"query-input\":{\"@type\":\"PropertyValueSpecification\",\"valueRequired\":true,\"valueName\":\"search_term_string\"}}],\"inLanguage\":\"en-US\"},{\"@type\":\"Person\",\"@id\":\"https:\\\/\\\/www.satt.fr\\\/en\\\/#\\\/schema\\\/person\\\/b887fcdc4ba6e2867d3c7d4662a744de\",\"name\":\"Daphn\u00e9 THOMAS\",\"url\":\"https:\\\/\\\/www.satt.fr\\\/en\\\/author\\\/daphne\\\/\"}]}<\/script>\n<!-- \/ Yoast SEO plugin. -->","yoast_head_json":{"title":"Pulsalys : DIGITRACK, pour diagnostiquer pr\u00e9cocement l\u2019autisme par une approche simple et efficace - R\u00e9seau SATT","robots":{"index":"index","follow":"follow","max-snippet":"max-snippet:-1","max-image-preview":"max-image-preview:large","max-video-preview":"max-video-preview:-1"},"canonical":"https:\/\/www.satt.fr\/en\/digitrack-diagnostiquer-precocement-lautisme-approche-simple-efficace\/","twitter_misc":{"Written by":"Daphn\u00e9 THOMAS","Est. reading time":"4 minutes"},"schema":{"@context":"https:\/\/schema.org","@graph":[{"@type":"Article","@id":"https:\/\/www.satt.fr\/en\/digitrack-diagnostiquer-precocement-lautisme-approche-simple-efficace\/#article","isPartOf":{"@id":"https:\/\/www.satt.fr\/en\/digitrack-diagnostiquer-precocement-lautisme-approche-simple-efficace\/"},"author":{"name":"Daphn\u00e9 THOMAS","@id":"https:\/\/www.satt.fr\/en\/#\/schema\/person\/b887fcdc4ba6e2867d3c7d4662a744de"},"headline":"Pulsalys : DIGITRACK, pour diagnostiquer pr\u00e9cocement l\u2019autisme par une approche simple et efficace","datePublished":"2018-06-19T08:46:46+00:00","dateModified":"2018-06-19T09:42:20+00:00","mainEntityOfPage":{"@id":"https:\/\/www.satt.fr\/en\/digitrack-diagnostiquer-precocement-lautisme-approche-simple-efficace\/"},"wordCount":757,"image":{"@id":"https:\/\/www.satt.fr\/en\/digitrack-diagnostiquer-precocement-lautisme-approche-simple-efficace\/#primaryimage"},"thumbnailUrl":"https:\/\/www.satt.fr\/wp-content\/uploads\/2018\/06\/Digi.jpg","articleSection":["News","Success Stories"],"inLanguage":"en-US"},{"@type":"WebPage","@id":"https:\/\/www.satt.fr\/en\/digitrack-diagnostiquer-precocement-lautisme-approche-simple-efficace\/","url":"https:\/\/www.satt.fr\/en\/digitrack-diagnostiquer-precocement-lautisme-approche-simple-efficace\/","name":"Pulsalys : DIGITRACK, pour diagnostiquer pr\u00e9cocement l\u2019autisme par une approche simple et efficace - R\u00e9seau SATT","isPartOf":{"@id":"https:\/\/www.satt.fr\/en\/#website"},"primaryImageOfPage":{"@id":"https:\/\/www.satt.fr\/en\/digitrack-diagnostiquer-precocement-lautisme-approche-simple-efficace\/#primaryimage"},"image":{"@id":"https:\/\/www.satt.fr\/en\/digitrack-diagnostiquer-precocement-lautisme-approche-simple-efficace\/#primaryimage"},"thumbnailUrl":"https:\/\/www.satt.fr\/wp-content\/uploads\/2018\/06\/Digi.jpg","datePublished":"2018-06-19T08:46:46+00:00","dateModified":"2018-06-19T09:42:20+00:00","author":{"@id":"https:\/\/www.satt.fr\/en\/#\/schema\/person\/b887fcdc4ba6e2867d3c7d4662a744de"},"breadcrumb":{"@id":"https:\/\/www.satt.fr\/en\/digitrack-diagnostiquer-precocement-lautisme-approche-simple-efficace\/#breadcrumb"},"inLanguage":"en-US","potentialAction":[{"@type":"ReadAction","target":["https:\/\/www.satt.fr\/en\/digitrack-diagnostiquer-precocement-lautisme-approche-simple-efficace\/"]}]},{"@type":"ImageObject","inLanguage":"en-US","@id":"https:\/\/www.satt.fr\/en\/digitrack-diagnostiquer-precocement-lautisme-approche-simple-efficace\/#primaryimage","url":"https:\/\/www.satt.fr\/wp-content\/uploads\/2018\/06\/Digi.jpg","contentUrl":"https:\/\/www.satt.fr\/wp-content\/uploads\/2018\/06\/Digi.jpg","width":2133,"height":1190},{"@type":"BreadcrumbList","@id":"https:\/\/www.satt.fr\/en\/digitrack-diagnostiquer-precocement-lautisme-approche-simple-efficace\/#breadcrumb","itemListElement":[{"@type":"ListItem","position":1,"name":"Accueil","item":"https:\/\/www.satt.fr\/en\/"},{"@type":"ListItem","position":2,"name":"Pulsalys : DIGITRACK, pour diagnostiquer pr\u00e9cocement l\u2019autisme par une approche simple et efficace"}]},{"@type":"WebSite","@id":"https:\/\/www.satt.fr\/en\/#website","url":"https:\/\/www.satt.fr\/en\/","name":"R\u00e9seau SATT","description":"Les Soci\u00e9t\u00e9s d&#039;Acc\u00e9l\u00e9ration du Transfert de Technologies","potentialAction":[{"@type":"SearchAction","target":{"@type":"EntryPoint","urlTemplate":"https:\/\/www.satt.fr\/en\/?s={search_term_string}"},"query-input":{"@type":"PropertyValueSpecification","valueRequired":true,"valueName":"search_term_string"}}],"inLanguage":"en-US"},{"@type":"Person","@id":"https:\/\/www.satt.fr\/en\/#\/schema\/person\/b887fcdc4ba6e2867d3c7d4662a744de","name":"Daphn\u00e9 THOMAS","url":"https:\/\/www.satt.fr\/en\/author\/daphne\/"}]}},"_links":{"self":[{"href":"https:\/\/www.satt.fr\/en\/wp-json\/wp\/v2\/posts\/9567","targetHints":{"allow":["GET"]}}],"collection":[{"href":"https:\/\/www.satt.fr\/en\/wp-json\/wp\/v2\/posts"}],"about":[{"href":"https:\/\/www.satt.fr\/en\/wp-json\/wp\/v2\/types\/post"}],"author":[{"embeddable":true,"href":"https:\/\/www.satt.fr\/en\/wp-json\/wp\/v2\/users\/12"}],"replies":[{"embeddable":true,"href":"https:\/\/www.satt.fr\/en\/wp-json\/wp\/v2\/comments?post=9567"}],"version-history":[{"count":1,"href":"https:\/\/www.satt.fr\/en\/wp-json\/wp\/v2\/posts\/9567\/revisions"}],"predecessor-version":[{"id":9574,"href":"https:\/\/www.satt.fr\/en\/wp-json\/wp\/v2\/posts\/9567\/revisions\/9574"}],"wp:featuredmedia":[{"embeddable":true,"href":"https:\/\/www.satt.fr\/en\/wp-json\/wp\/v2\/media\/9573"}],"wp:attachment":[{"href":"https:\/\/www.satt.fr\/en\/wp-json\/wp\/v2\/media?parent=9567"}],"wp:term":[{"taxonomy":"category","embeddable":true,"href":"https:\/\/www.satt.fr\/en\/wp-json\/wp\/v2\/categories?post=9567"},{"taxonomy":"post_tag","embeddable":true,"href":"https:\/\/www.satt.fr\/en\/wp-json\/wp\/v2\/tags?post=9567"}],"curies":[{"name":"wp","href":"https:\/\/api.w.org\/{rel}","templated":true}]}}