{"id":9975,"date":"2018-07-12T11:05:02","date_gmt":"2018-07-12T09:05:02","guid":{"rendered":"https:\/\/www.satt.fr\/a-lappui-bons-resultats-daquitaine-science-transfert-mandat-de-maylis-chusseau-renouvele-a-presidence-de-satt-aquitaine\/"},"modified":"2018-07-12T11:05:02","modified_gmt":"2018-07-12T09:05:02","slug":"a-lappui-bons-resultats-daquitaine-science-transfert-mandat-de-maylis-chusseau-renouvele-a-presidence-de-satt-aquitaine","status":"publish","type":"post","link":"https:\/\/www.satt.fr\/en\/a-lappui-bons-resultats-daquitaine-science-transfert-mandat-de-maylis-chusseau-renouvele-a-presidence-de-satt-aquitaine\/","title":{"rendered":"\u00c0 l\u2019appui des bons r\u00e9sultats d\u2019Aquitaine Science Transfert, le mandat de Maylis Chusseau est renouvel\u00e9 \u00e0 la Pr\u00e9sidence de la SATT Aquitaine."},"content":{"rendered":"<p><strong>Le Conseil d\u2019administration d\u2019Aquitaine Science Transfert a vot\u00e9 \u00e0 l\u2019unanimit\u00e9 la reconduction pour trois ans du mandat de Maylis Chusseau \u00e0 la Pr\u00e9sidence d\u2019Aquitaine Science Transfert.<\/strong><br \/>\n <strong>Les six premi\u00e8res ann\u00e9es de la soci\u00e9t\u00e9 ont \u00e9t\u00e9 jalonn\u00e9es de r\u00e9ussites tr\u00e8s concr\u00e8tes confirmant le r\u00f4le attendu des Soci\u00e9t\u00e9s d\u2019Acc\u00e9l\u00e9ration de Transfert de Technologie entre le monde le recherche acad\u00e9mique et celui des entreprises.<\/strong><\/p>\n<p>Aquitaine Science Transfert dresse un bilan positif de son activit\u00e9 depuis sa cr\u00e9ation en 2012 :<\/p>\n<p>\u2022 <strong><span style=\"color: #ff0000;\">698<\/span><\/strong> projets d\u00e9tect\u00e9s \u00e0 partir d&#8217;inventions de chercheurs aquitains ;<br \/>\n \u2022 <span style=\"color: #ff0000;\"><strong>18,2<\/strong><\/span> millions d\u2019euros investis dans <span style=\"color: #ff0000;\"><strong>120<\/strong><\/span> projets ;<br \/>\n \u2022 <strong><span style=\"color: #ff0000;\">48<\/span><\/strong> accords d\u2019exploitation sign\u00e9s (licences et accords de propri\u00e9t\u00e9) ;<br \/>\n \u2022 <strong><span style=\"color: #ff0000;\">17<\/span><\/strong> cr\u00e9ations et licences \u00e0 des start-up ;<br \/>\n \u2022 <strong><span style=\"color: #ff0000;\">18<\/span><\/strong> produits ou services innovants mis sur le march\u00e9 par les entreprises ;<br \/>\n \u2022 <strong><span style=\"color: #ff0000;\">285<\/span><\/strong> brevets et logiciels d\u00e9pos\u00e9s ;<br \/>\n \u2022 <strong><span style=\"color: #ff0000;\">2562<\/span><\/strong> contrats de recherche partenariale sign\u00e9s.<\/p>\n<p>D\u00e9montrant la capacit\u00e9 d&#8217;Aquitaine Science Transfert \u00e0 faire \u00e9merger des innovations de rupture, la start-up Tree Frog Therapeutics soutenue par la SATT Aquitaine, a \u00e9t\u00e9 \u00e9lue parmi les 14 Grands Prix nationaux du concours iLAB 2018, une seconde INVA en est laur\u00e9ate et enfin une troisi\u00e8me, Carbon Waters y a \u00e9t\u00e9 nomin\u00e9e.<\/p>\n<p><em>&#8220;Je prends cette reconduction de mon mandat par le Conseil d&#8217;Administration de la SATT Aquitaine comme une reconnaissance du travail effectu\u00e9 depuis 6 ans par l&#8217;\u00e9quipe d&#8217;Aquitaine Science Transfert, au service de la valorisation de la recherche publique fran\u00e7aise. C&#8217;est un m\u00e9tier passionnant o\u00f9 l&#8217;enjeu de cr\u00e9ation de valeur par l&#8217;innovation est au c\u0153ur de notre quotidien, de notre questionnement, entre les chercheurs investis dans leur mission, initiateurs de belles inventions et les entrepreneurs qui prendront le relais, en qu\u00eate de toujours plus de comp\u00e9titivit\u00e9&#8221;<\/em>, d\u00e9clare Maylis Chusseau.<\/p>\n<p>&gt; <a href=\"http:\/\/ast-innovations.com\/wp-content\/uploads\/COM_CP-20180712_Renouvellement-Maylis.pdf\">T\u00e9l\u00e9charger le communiqu\u00e9 de presse<\/a> (pdf)<\/p>\n","protected":false},"excerpt":{"rendered":"<p>Le Conseil d\u2019administration d\u2019Aquitaine Science Transfert a vot\u00e9 \u00e0 l\u2019unanimit\u00e9 la reconduction pour trois ans du mandat de Maylis Chusseau \u00e0 la Pr\u00e9sidence d\u2019Aquitaine Science Transfert. Les six premi\u00e8res ann\u00e9es de la soci\u00e9t\u00e9 ont \u00e9t\u00e9 jalonn\u00e9es de r\u00e9ussites tr\u00e8s concr\u00e8tes confirmant le r\u00f4le attendu des Soci\u00e9t\u00e9s d\u2019Acc\u00e9l\u00e9ration de Transfert de Technologie entre le monde le [&hellip;]<\/p>\n","protected":false},"author":6,"featured_media":9911,"comment_status":"closed","ping_status":"closed","sticky":false,"template":"","format":"standard","meta":{"_acf_changed":false,"footnotes":""},"categories":[567],"tags":[],"class_list":["post-9975","post","type-post","status-publish","format-standard","has-post-thumbnail","hentry","category-news-en"],"acf":[],"yoast_head":"<!-- This site is optimized with the Yoast SEO plugin v27.4 - https:\/\/yoast.com\/product\/yoast-seo-wordpress\/ -->\n<title>\u00c0 l\u2019appui des bons r\u00e9sultats d\u2019Aquitaine Science Transfert, le mandat de Maylis Chusseau est renouvel\u00e9 \u00e0 la Pr\u00e9sidence de la SATT Aquitaine. - R\u00e9seau SATT<\/title>\n<meta name=\"robots\" content=\"index, follow, max-snippet:-1, max-image-preview:large, max-video-preview:-1\" \/>\n<link rel=\"canonical\" href=\"https:\/\/www.satt.fr\/en\/a-lappui-bons-resultats-daquitaine-science-transfert-mandat-de-maylis-chusseau-renouvele-a-presidence-de-satt-aquitaine\/\" \/>\n<meta name=\"twitter:label1\" content=\"Written by\" \/>\n\t<meta name=\"twitter:data1\" content=\"Claire MORAS\" \/>\n\t<meta name=\"twitter:label2\" content=\"Est. reading time\" \/>\n\t<meta name=\"twitter:data2\" content=\"2 minutes\" \/>\n<script type=\"application\/ld+json\" class=\"yoast-schema-graph\">{\"@context\":\"https:\\\/\\\/schema.org\",\"@graph\":[{\"@type\":\"Article\",\"@id\":\"https:\\\/\\\/www.satt.fr\\\/en\\\/a-lappui-bons-resultats-daquitaine-science-transfert-mandat-de-maylis-chusseau-renouvele-a-presidence-de-satt-aquitaine\\\/#article\",\"isPartOf\":{\"@id\":\"https:\\\/\\\/www.satt.fr\\\/en\\\/a-lappui-bons-resultats-daquitaine-science-transfert-mandat-de-maylis-chusseau-renouvele-a-presidence-de-satt-aquitaine\\\/\"},\"author\":{\"name\":\"Claire MORAS\",\"@id\":\"https:\\\/\\\/www.satt.fr\\\/en\\\/#\\\/schema\\\/person\\\/c0a490b9e32ce5b1446970b12e60a786\"},\"headline\":\"\u00c0 l\u2019appui des bons r\u00e9sultats d\u2019Aquitaine Science Transfert, le mandat de Maylis Chusseau est renouvel\u00e9 \u00e0 la Pr\u00e9sidence de la SATT Aquitaine.\",\"datePublished\":\"2018-07-12T09:05:02+00:00\",\"mainEntityOfPage\":{\"@id\":\"https:\\\/\\\/www.satt.fr\\\/en\\\/a-lappui-bons-resultats-daquitaine-science-transfert-mandat-de-maylis-chusseau-renouvele-a-presidence-de-satt-aquitaine\\\/\"},\"wordCount\":336,\"image\":{\"@id\":\"https:\\\/\\\/www.satt.fr\\\/en\\\/a-lappui-bons-resultats-daquitaine-science-transfert-mandat-de-maylis-chusseau-renouvele-a-presidence-de-satt-aquitaine\\\/#primaryimage\"},\"thumbnailUrl\":\"https:\\\/\\\/www.satt.fr\\\/wp-content\\\/uploads\\\/2018\\\/07\\\/Photo_renouvellement_maylis-chusseau_web_reseausatt.jpg\",\"articleSection\":[\"News\"],\"inLanguage\":\"en-US\"},{\"@type\":\"WebPage\",\"@id\":\"https:\\\/\\\/www.satt.fr\\\/en\\\/a-lappui-bons-resultats-daquitaine-science-transfert-mandat-de-maylis-chusseau-renouvele-a-presidence-de-satt-aquitaine\\\/\",\"url\":\"https:\\\/\\\/www.satt.fr\\\/en\\\/a-lappui-bons-resultats-daquitaine-science-transfert-mandat-de-maylis-chusseau-renouvele-a-presidence-de-satt-aquitaine\\\/\",\"name\":\"\u00c0 l\u2019appui des bons r\u00e9sultats d\u2019Aquitaine Science Transfert, le mandat de Maylis Chusseau est renouvel\u00e9 \u00e0 la Pr\u00e9sidence de la SATT Aquitaine. - R\u00e9seau SATT\",\"isPartOf\":{\"@id\":\"https:\\\/\\\/www.satt.fr\\\/en\\\/#website\"},\"primaryImageOfPage\":{\"@id\":\"https:\\\/\\\/www.satt.fr\\\/en\\\/a-lappui-bons-resultats-daquitaine-science-transfert-mandat-de-maylis-chusseau-renouvele-a-presidence-de-satt-aquitaine\\\/#primaryimage\"},\"image\":{\"@id\":\"https:\\\/\\\/www.satt.fr\\\/en\\\/a-lappui-bons-resultats-daquitaine-science-transfert-mandat-de-maylis-chusseau-renouvele-a-presidence-de-satt-aquitaine\\\/#primaryimage\"},\"thumbnailUrl\":\"https:\\\/\\\/www.satt.fr\\\/wp-content\\\/uploads\\\/2018\\\/07\\\/Photo_renouvellement_maylis-chusseau_web_reseausatt.jpg\",\"datePublished\":\"2018-07-12T09:05:02+00:00\",\"author\":{\"@id\":\"https:\\\/\\\/www.satt.fr\\\/en\\\/#\\\/schema\\\/person\\\/c0a490b9e32ce5b1446970b12e60a786\"},\"breadcrumb\":{\"@id\":\"https:\\\/\\\/www.satt.fr\\\/en\\\/a-lappui-bons-resultats-daquitaine-science-transfert-mandat-de-maylis-chusseau-renouvele-a-presidence-de-satt-aquitaine\\\/#breadcrumb\"},\"inLanguage\":\"en-US\",\"potentialAction\":[{\"@type\":\"ReadAction\",\"target\":[\"https:\\\/\\\/www.satt.fr\\\/en\\\/a-lappui-bons-resultats-daquitaine-science-transfert-mandat-de-maylis-chusseau-renouvele-a-presidence-de-satt-aquitaine\\\/\"]}]},{\"@type\":\"ImageObject\",\"inLanguage\":\"en-US\",\"@id\":\"https:\\\/\\\/www.satt.fr\\\/en\\\/a-lappui-bons-resultats-daquitaine-science-transfert-mandat-de-maylis-chusseau-renouvele-a-presidence-de-satt-aquitaine\\\/#primaryimage\",\"url\":\"https:\\\/\\\/www.satt.fr\\\/wp-content\\\/uploads\\\/2018\\\/07\\\/Photo_renouvellement_maylis-chusseau_web_reseausatt.jpg\",\"contentUrl\":\"https:\\\/\\\/www.satt.fr\\\/wp-content\\\/uploads\\\/2018\\\/07\\\/Photo_renouvellement_maylis-chusseau_web_reseausatt.jpg\",\"width\":3200,\"height\":1785},{\"@type\":\"BreadcrumbList\",\"@id\":\"https:\\\/\\\/www.satt.fr\\\/en\\\/a-lappui-bons-resultats-daquitaine-science-transfert-mandat-de-maylis-chusseau-renouvele-a-presidence-de-satt-aquitaine\\\/#breadcrumb\",\"itemListElement\":[{\"@type\":\"ListItem\",\"position\":1,\"name\":\"Accueil\",\"item\":\"https:\\\/\\\/www.satt.fr\\\/en\\\/\"},{\"@type\":\"ListItem\",\"position\":2,\"name\":\"\u00c0 l\u2019appui des bons r\u00e9sultats d\u2019Aquitaine Science Transfert, le mandat de Maylis Chusseau est renouvel\u00e9 \u00e0 la Pr\u00e9sidence de la SATT Aquitaine.\"}]},{\"@type\":\"WebSite\",\"@id\":\"https:\\\/\\\/www.satt.fr\\\/en\\\/#website\",\"url\":\"https:\\\/\\\/www.satt.fr\\\/en\\\/\",\"name\":\"R\u00e9seau SATT\",\"description\":\"Les Soci\u00e9t\u00e9s d&#039;Acc\u00e9l\u00e9ration du Transfert de Technologies\",\"potentialAction\":[{\"@type\":\"SearchAction\",\"target\":{\"@type\":\"EntryPoint\",\"urlTemplate\":\"https:\\\/\\\/www.satt.fr\\\/en\\\/?s={search_term_string}\"},\"query-input\":{\"@type\":\"PropertyValueSpecification\",\"valueRequired\":true,\"valueName\":\"search_term_string\"}}],\"inLanguage\":\"en-US\"},{\"@type\":\"Person\",\"@id\":\"https:\\\/\\\/www.satt.fr\\\/en\\\/#\\\/schema\\\/person\\\/c0a490b9e32ce5b1446970b12e60a786\",\"name\":\"Claire MORAS\",\"url\":\"https:\\\/\\\/www.satt.fr\\\/en\\\/author\\\/claire\\\/\"}]}<\/script>\n<!-- \/ Yoast SEO plugin. -->","yoast_head_json":{"title":"\u00c0 l\u2019appui des bons r\u00e9sultats d\u2019Aquitaine Science Transfert, le mandat de Maylis Chusseau est renouvel\u00e9 \u00e0 la Pr\u00e9sidence de la SATT Aquitaine. - R\u00e9seau SATT","robots":{"index":"index","follow":"follow","max-snippet":"max-snippet:-1","max-image-preview":"max-image-preview:large","max-video-preview":"max-video-preview:-1"},"canonical":"https:\/\/www.satt.fr\/en\/a-lappui-bons-resultats-daquitaine-science-transfert-mandat-de-maylis-chusseau-renouvele-a-presidence-de-satt-aquitaine\/","twitter_misc":{"Written by":"Claire MORAS","Est. reading time":"2 minutes"},"schema":{"@context":"https:\/\/schema.org","@graph":[{"@type":"Article","@id":"https:\/\/www.satt.fr\/en\/a-lappui-bons-resultats-daquitaine-science-transfert-mandat-de-maylis-chusseau-renouvele-a-presidence-de-satt-aquitaine\/#article","isPartOf":{"@id":"https:\/\/www.satt.fr\/en\/a-lappui-bons-resultats-daquitaine-science-transfert-mandat-de-maylis-chusseau-renouvele-a-presidence-de-satt-aquitaine\/"},"author":{"name":"Claire MORAS","@id":"https:\/\/www.satt.fr\/en\/#\/schema\/person\/c0a490b9e32ce5b1446970b12e60a786"},"headline":"\u00c0 l\u2019appui des bons r\u00e9sultats d\u2019Aquitaine Science Transfert, le mandat de Maylis Chusseau est renouvel\u00e9 \u00e0 la Pr\u00e9sidence de la SATT Aquitaine.","datePublished":"2018-07-12T09:05:02+00:00","mainEntityOfPage":{"@id":"https:\/\/www.satt.fr\/en\/a-lappui-bons-resultats-daquitaine-science-transfert-mandat-de-maylis-chusseau-renouvele-a-presidence-de-satt-aquitaine\/"},"wordCount":336,"image":{"@id":"https:\/\/www.satt.fr\/en\/a-lappui-bons-resultats-daquitaine-science-transfert-mandat-de-maylis-chusseau-renouvele-a-presidence-de-satt-aquitaine\/#primaryimage"},"thumbnailUrl":"https:\/\/www.satt.fr\/wp-content\/uploads\/2018\/07\/Photo_renouvellement_maylis-chusseau_web_reseausatt.jpg","articleSection":["News"],"inLanguage":"en-US"},{"@type":"WebPage","@id":"https:\/\/www.satt.fr\/en\/a-lappui-bons-resultats-daquitaine-science-transfert-mandat-de-maylis-chusseau-renouvele-a-presidence-de-satt-aquitaine\/","url":"https:\/\/www.satt.fr\/en\/a-lappui-bons-resultats-daquitaine-science-transfert-mandat-de-maylis-chusseau-renouvele-a-presidence-de-satt-aquitaine\/","name":"\u00c0 l\u2019appui des bons r\u00e9sultats d\u2019Aquitaine Science Transfert, le mandat de Maylis Chusseau est renouvel\u00e9 \u00e0 la Pr\u00e9sidence de la SATT Aquitaine. - R\u00e9seau SATT","isPartOf":{"@id":"https:\/\/www.satt.fr\/en\/#website"},"primaryImageOfPage":{"@id":"https:\/\/www.satt.fr\/en\/a-lappui-bons-resultats-daquitaine-science-transfert-mandat-de-maylis-chusseau-renouvele-a-presidence-de-satt-aquitaine\/#primaryimage"},"image":{"@id":"https:\/\/www.satt.fr\/en\/a-lappui-bons-resultats-daquitaine-science-transfert-mandat-de-maylis-chusseau-renouvele-a-presidence-de-satt-aquitaine\/#primaryimage"},"thumbnailUrl":"https:\/\/www.satt.fr\/wp-content\/uploads\/2018\/07\/Photo_renouvellement_maylis-chusseau_web_reseausatt.jpg","datePublished":"2018-07-12T09:05:02+00:00","author":{"@id":"https:\/\/www.satt.fr\/en\/#\/schema\/person\/c0a490b9e32ce5b1446970b12e60a786"},"breadcrumb":{"@id":"https:\/\/www.satt.fr\/en\/a-lappui-bons-resultats-daquitaine-science-transfert-mandat-de-maylis-chusseau-renouvele-a-presidence-de-satt-aquitaine\/#breadcrumb"},"inLanguage":"en-US","potentialAction":[{"@type":"ReadAction","target":["https:\/\/www.satt.fr\/en\/a-lappui-bons-resultats-daquitaine-science-transfert-mandat-de-maylis-chusseau-renouvele-a-presidence-de-satt-aquitaine\/"]}]},{"@type":"ImageObject","inLanguage":"en-US","@id":"https:\/\/www.satt.fr\/en\/a-lappui-bons-resultats-daquitaine-science-transfert-mandat-de-maylis-chusseau-renouvele-a-presidence-de-satt-aquitaine\/#primaryimage","url":"https:\/\/www.satt.fr\/wp-content\/uploads\/2018\/07\/Photo_renouvellement_maylis-chusseau_web_reseausatt.jpg","contentUrl":"https:\/\/www.satt.fr\/wp-content\/uploads\/2018\/07\/Photo_renouvellement_maylis-chusseau_web_reseausatt.jpg","width":3200,"height":1785},{"@type":"BreadcrumbList","@id":"https:\/\/www.satt.fr\/en\/a-lappui-bons-resultats-daquitaine-science-transfert-mandat-de-maylis-chusseau-renouvele-a-presidence-de-satt-aquitaine\/#breadcrumb","itemListElement":[{"@type":"ListItem","position":1,"name":"Accueil","item":"https:\/\/www.satt.fr\/en\/"},{"@type":"ListItem","position":2,"name":"\u00c0 l\u2019appui des bons r\u00e9sultats d\u2019Aquitaine Science Transfert, le mandat de Maylis Chusseau est renouvel\u00e9 \u00e0 la Pr\u00e9sidence de la SATT Aquitaine."}]},{"@type":"WebSite","@id":"https:\/\/www.satt.fr\/en\/#website","url":"https:\/\/www.satt.fr\/en\/","name":"R\u00e9seau SATT","description":"Les Soci\u00e9t\u00e9s d&#039;Acc\u00e9l\u00e9ration du Transfert de Technologies","potentialAction":[{"@type":"SearchAction","target":{"@type":"EntryPoint","urlTemplate":"https:\/\/www.satt.fr\/en\/?s={search_term_string}"},"query-input":{"@type":"PropertyValueSpecification","valueRequired":true,"valueName":"search_term_string"}}],"inLanguage":"en-US"},{"@type":"Person","@id":"https:\/\/www.satt.fr\/en\/#\/schema\/person\/c0a490b9e32ce5b1446970b12e60a786","name":"Claire MORAS","url":"https:\/\/www.satt.fr\/en\/author\/claire\/"}]}},"_links":{"self":[{"href":"https:\/\/www.satt.fr\/en\/wp-json\/wp\/v2\/posts\/9975","targetHints":{"allow":["GET"]}}],"collection":[{"href":"https:\/\/www.satt.fr\/en\/wp-json\/wp\/v2\/posts"}],"about":[{"href":"https:\/\/www.satt.fr\/en\/wp-json\/wp\/v2\/types\/post"}],"author":[{"embeddable":true,"href":"https:\/\/www.satt.fr\/en\/wp-json\/wp\/v2\/users\/6"}],"replies":[{"embeddable":true,"href":"https:\/\/www.satt.fr\/en\/wp-json\/wp\/v2\/comments?post=9975"}],"version-history":[{"count":0,"href":"https:\/\/www.satt.fr\/en\/wp-json\/wp\/v2\/posts\/9975\/revisions"}],"wp:featuredmedia":[{"embeddable":true,"href":"https:\/\/www.satt.fr\/en\/wp-json\/wp\/v2\/media\/9911"}],"wp:attachment":[{"href":"https:\/\/www.satt.fr\/en\/wp-json\/wp\/v2\/media?parent=9975"}],"wp:term":[{"taxonomy":"category","embeddable":true,"href":"https:\/\/www.satt.fr\/en\/wp-json\/wp\/v2\/categories?post=9975"},{"taxonomy":"post_tag","embeddable":true,"href":"https:\/\/www.satt.fr\/en\/wp-json\/wp\/v2\/tags?post=9975"}],"curies":[{"name":"wp","href":"https:\/\/api.w.org\/{rel}","templated":true}]}}